{"id":1972,"date":"2015-02-10T14:24:20","date_gmt":"2015-02-10T14:24:20","guid":{"rendered":"http:\/\/europeanjournalists.org\/de\/?p=1972"},"modified":"2015-02-17T15:30:46","modified_gmt":"2015-02-17T15:30:46","slug":"munchener-erklarung-verbindliche-rahmenbedingungen-fur-journalisten-in-europa","status":"publish","type":"post","link":"https:\/\/europeanjournalists.org\/de\/2015\/02\/10\/munchener-erklarung-verbindliche-rahmenbedingungen-fur-journalisten-in-europa\/","title":{"rendered":"M\u00fcnchener Erkl\u00e4rung Verbindliche Rahmenbedingungen f\u00fcr Journalisten in Europa"},"content":{"rendered":"<p>Bei einer Tarifkonferenz deutschsprachiger Journalistenorganisationen in M\u00fcnchen haben die Teilnehmenden aus Deutschland, \u00d6sterreich und der Schweiz mit gro\u00dfer Besorgnis festgestellt, dass sich die Arbeitsbedingungen f\u00fcr Journalistinnen und Journalisten in allen drei L\u00e4ndern teils dramatisch verschlechtern. Prek\u00e4re Arbeitsverh\u00e4ltnisse im Journalismus stellen eine massive Bedrohung der Pressefreiheit und der Meinungsvielfalt dar und gef\u00e4hrden somit eine tragende S\u00e4ule der Demokratie.<br \/>\nDie beteiligten Gewerkschaften und Berufsverb\u00e4nde fordern deshalb die Politik auf, erforderliche gesetzliche Rahmenbedingungen f\u00fcr die journalistische Berufsaus\u00fcbung zu schaffen.<\/p>\n<p>Im Einzelnen hei\u00dft das:<\/p>\n<p>&#8211; Tarifliche Standards werden zunehmend ausgeh\u00f6hlt, umgangen oder komplett verweigert. Die gesetzlichen Rahmenbedingungen m\u00fcssen deshalb so ver\u00e4ndert werden, dass eine Tarifflucht nachhaltig verhindert wird.<br \/>\n&#8211; Freiberufliche Journalistinnen und Journalisten stehen gegen\u00fcber ihren Auftraggebern in einer unver\u00e4ndert schlechten Verhandlungsposition. Die unterschiedliche Marktmacht verhindert die Durchsetzung bestehender gesetzlicher Bestimmungen und die Zahlung einer angemessenen Verg\u00fctung. Deshalb muss die Stellung der Journalistinnen und Journalisten auch im Wettbewerbsrecht gest\u00e4rkt werden. Ihre Verb\u00e4nde m\u00fcssen die rechtliche M\u00f6glichkeit erhalten, die Anspr\u00fcche ihrer Mitglieder tats\u00e4chlich durchzusetzen und gegebenenfalls auch kollektiv einzuklagen (Verbandsklagerecht).<br \/>\n&#8211; Dort, wo Arbeitgeber den Journalistinnen und Journalisten einen angemessenen sozialen Schutz verweigern, m\u00fcssen Ma\u00dfnahmen getroffen werden, um gesetzes- und vertragskonforme Zust\u00e4nde herzustellen. Dar\u00fcber hinaus ist eine europaweit g\u00fcltige Definition der Scheinselbst\u00e4ndigkeit zwingend notwendig, die dieses Ph\u00e4nomen nachhaltig bek\u00e4mpft und effizient unterbindet.<br \/>\n&#8211; Mitwirkungs- und Informationsrechte der Arbeitnehmer-Vertretungen d\u00fcrfen auch in Medienunternehmen nicht eingeschr\u00e4nkt sein.<br \/>\n&#8211; Die Urheberrechte der Journalistinnen und Journalisten sind umfassend und effektiv zu sch\u00fctzen. Freie Autorinnen und Autoren sind darauf angewiesen, ihre Werke ad\u00e4quat vermarkten zu k\u00f6nnen. Jede Nutzung ist angemessen zu verg\u00fcten, die Mehrfachverwertung zu erm\u00f6glichen. Die gesetzlichen Rahmenbedingungen m\u00fcssen so gestaltet werden, dass die wirtschaftliche \u00dcbermacht der Verwerter nicht zu Lasten der Rechte der Urheberinnen und Urheber missbraucht werden kann.<\/p>\n<p>M\u00fcnchen, den 10.02.2015<\/p>\n<p><em>Bayerischer Journalisten-Verband e.V.<\/em><br \/>\n<em>Deutscher Journalisten-Verband e.V.<\/em><br \/>\n<em>DJV-Landesverband Hessen e.V.<\/em><br \/>\n<em>impressum \u2013 Die Schweizer JournalistInnen<\/em><br \/>\n<em>Journalistengewerkschaft in der GPA-dipp<\/em><br \/>\n<em>Mediensektor in der GdG-KMSfB Publizistik, Online, Public Relation<\/em><\/p>\n<p>&nbsp;<\/p>\n<p>(Photo Credit : <a href=\"http:\/\/www.bjv.de\/news\/muenchener-erklaerung\">DJV<\/a>)<\/p>\n","protected":false},"excerpt":{"rendered":"<p>Bei einer Tarifkonferenz deutschsprachiger Journalistenorganisationen in M\u00fcnchen haben die Teilnehmenden aus Deutschland, \u00d6sterreich und der Schweiz mit gro\u00dfer Besorgnis festgestellt, dass sich die Arbeitsbedingungen f\u00fcr Journalistinnen und Journalisten in allen drei L\u00e4ndern teils dramatisch verschlechtern. Prek\u00e4re Arbeitsverh\u00e4ltnisse im Journalismus stellen eine massive Bedrohung der Pressefreiheit und der Meinungsvielfalt dar und gef\u00e4hrden somit eine tragende S\u00e4ule der Demokratie. Die beteiligten Gewerkschaften und Berufsverb\u00e4nde fordern deshalb die Politik auf, erforderliche gesetzliche Rahmenbedingungen f\u00fcr die journalistische Berufsaus\u00fcbung zu schaffen. Im Einzelnen hei\u00dft das: &#8211; Tarifliche Standards werden zunehmend ausgeh\u00f6hlt, umgangen oder komplett verweigert. Die gesetzlichen Rahmenbedingungen m\u00fcssen deshalb so ver\u00e4ndert werden, dass eine&hellip;<\/p>\n","protected":false},"author":4,"featured_media":1981,"comment_status":"closed","ping_status":"open","sticky":false,"template":"","format":"standard","meta":{"footnotes":""},"categories":[21,7],"tags":[55],"class_list":["post-1972","post","type-post","status-publish","format-standard","has-post-thumbnail","hentry","category-labour-rights","category-press-freedom","tag-djv"],"_links":{"self":[{"href":"https:\/\/europeanjournalists.org\/de\/wp-json\/wp\/v2\/posts\/1972","targetHints":{"allow":["GET"]}}],"collection":[{"href":"https:\/\/europeanjournalists.org\/de\/wp-json\/wp\/v2\/posts"}],"about":[{"href":"https:\/\/europeanjournalists.org\/de\/wp-json\/wp\/v2\/types\/post"}],"author":[{"embeddable":true,"href":"https:\/\/europeanjournalists.org\/de\/wp-json\/wp\/v2\/users\/4"}],"replies":[{"embeddable":true,"href":"https:\/\/europeanjournalists.org\/de\/wp-json\/wp\/v2\/comments?post=1972"}],"version-history":[{"count":7,"href":"https:\/\/europeanjournalists.org\/de\/wp-json\/wp\/v2\/posts\/1972\/revisions"}],"predecessor-version":[{"id":1983,"href":"https:\/\/europeanjournalists.org\/de\/wp-json\/wp\/v2\/posts\/1972\/revisions\/1983"}],"wp:featuredmedia":[{"embeddable":true,"href":"https:\/\/europeanjournalists.org\/de\/wp-json\/wp\/v2\/media\/1981"}],"wp:attachment":[{"href":"https:\/\/europeanjournalists.org\/de\/wp-json\/wp\/v2\/media?parent=1972"}],"wp:term":[{"taxonomy":"category","embeddable":true,"href":"https:\/\/europeanjournalists.org\/de\/wp-json\/wp\/v2\/categories?post=1972"},{"taxonomy":"post_tag","embeddable":true,"href":"https:\/\/europeanjournalists.org\/de\/wp-json\/wp\/v2\/tags?post=1972"}],"curies":[{"name":"wp","href":"https:\/\/api.w.org\/{rel}","templated":true}]}}