{"id":1987,"date":"2015-02-23T10:41:10","date_gmt":"2015-02-23T10:41:10","guid":{"rendered":"http:\/\/europeanjournalists.org\/de\/?p=1987"},"modified":"2015-02-23T10:45:13","modified_gmt":"2015-02-23T10:45:13","slug":"ejf-solidaritatsbekundung-zur-protestaktion-der-deutschen-welle","status":"publish","type":"post","link":"https:\/\/europeanjournalists.org\/de\/2015\/02\/23\/ejf-solidaritatsbekundung-zur-protestaktion-der-deutschen-welle\/","title":{"rendered":"EJF Solidarit\u00e4tsbekundung  zur Protestaktion der Deutschen Welle"},"content":{"rendered":"<p>Die Europ\u00e4ischen Journalisten F\u00f6deration (EJF), die Journalisten und Journalistinnen in 39 L\u00e4ndern in Europa vertritt, unterst\u00fctzt die Mitarbeiter der Deutschen Welle heute in ihrer Protestaktion gegen Unterfinanzierung und Sparpl\u00e4ne der Deutschen Welle.<\/p>\n<p>\u00dcberall in Europa wird an der falschen Stelle gespart und Medienpluralismus, Demokratie und die Vielfalt sind in Gefahr. Wir bekunden unsere volle Solidarit\u00e4t mit den Mitarbeitern der DW und unterst\u00fctzen die heutige Protestaktion der Initiative des &#8222;Gewerkschaftlichen Aktionskreises DW\u201d, bei dem unsere Mitgliedsorganisationen in Deutschland DJV und dju in ver.di mitmachen:<\/p>\n<p>\u2022 F\u00fcr eine aufgabengerechte Finanzierung der DW und gegen weiteren Personalabbau;<br \/>\n\u2022 F\u00fcr den Erhalt der Sprachenvielfalt und der deutschsprachigen Angebote;<br \/>\n\u2022 F\u00fcr ein breites multimediales Angebot einschlie\u00dflich linearer TV-Angebote.<\/p>\n<p>Solidarit\u00e4tsbekundungen an:<br \/>\ndaniel.scheschkewitz@dw.de<br \/>\nian.johnson@dw.de<\/p>\n<p><a href=\"http:\/\/europeanjournalists.org\/de\/wp-content\/uploads\/sites\/3\/2015\/02\/DW-Sprachen_retten_23-02-2015.pdf\">DW-Sprachen_retten_23-02-2015<\/a><\/p>\n","protected":false},"excerpt":{"rendered":"<p>Die Europ\u00e4ischen Journalisten F\u00f6deration (EJF), die Journalisten und Journalistinnen in 39 L\u00e4ndern in Europa vertritt, unterst\u00fctzt die Mitarbeiter der Deutschen Welle heute in ihrer Protestaktion gegen Unterfinanzierung und Sparpl\u00e4ne der Deutschen Welle. \u00dcberall in Europa wird an der falschen Stelle gespart und Medienpluralismus, Demokratie und die Vielfalt sind in Gefahr. Wir bekunden unsere volle Solidarit\u00e4t mit den Mitarbeitern der DW und unterst\u00fctzen die heutige Protestaktion der Initiative des &#8222;Gewerkschaftlichen Aktionskreises DW\u201d, bei dem unsere Mitgliedsorganisationen in Deutschland DJV und dju in ver.di mitmachen: \u2022 F\u00fcr eine aufgabengerechte Finanzierung der DW und gegen weiteren Personalabbau; \u2022 F\u00fcr den Erhalt der Sprachenvielfalt&hellip;<\/p>\n","protected":false},"author":4,"featured_media":0,"comment_status":"closed","ping_status":"closed","sticky":false,"template":"","format":"standard","meta":{"footnotes":""},"categories":[21,12],"tags":[],"class_list":["post-1987","post","type-post","status-publish","format-standard","hentry","category-labour-rights","category-solidarity-2"],"_links":{"self":[{"href":"https:\/\/europeanjournalists.org\/de\/wp-json\/wp\/v2\/posts\/1987","targetHints":{"allow":["GET"]}}],"collection":[{"href":"https:\/\/europeanjournalists.org\/de\/wp-json\/wp\/v2\/posts"}],"about":[{"href":"https:\/\/europeanjournalists.org\/de\/wp-json\/wp\/v2\/types\/post"}],"author":[{"embeddable":true,"href":"https:\/\/europeanjournalists.org\/de\/wp-json\/wp\/v2\/users\/4"}],"replies":[{"embeddable":true,"href":"https:\/\/europeanjournalists.org\/de\/wp-json\/wp\/v2\/comments?post=1987"}],"version-history":[{"count":4,"href":"https:\/\/europeanjournalists.org\/de\/wp-json\/wp\/v2\/posts\/1987\/revisions"}],"predecessor-version":[{"id":1992,"href":"https:\/\/europeanjournalists.org\/de\/wp-json\/wp\/v2\/posts\/1987\/revisions\/1992"}],"wp:attachment":[{"href":"https:\/\/europeanjournalists.org\/de\/wp-json\/wp\/v2\/media?parent=1987"}],"wp:term":[{"taxonomy":"category","embeddable":true,"href":"https:\/\/europeanjournalists.org\/de\/wp-json\/wp\/v2\/categories?post=1987"},{"taxonomy":"post_tag","embeddable":true,"href":"https:\/\/europeanjournalists.org\/de\/wp-json\/wp\/v2\/tags?post=1987"}],"curies":[{"name":"wp","href":"https:\/\/api.w.org\/{rel}","templated":true}]}}