{"id":2024,"date":"2015-06-10T12:28:50","date_gmt":"2015-06-10T12:28:50","guid":{"rendered":"http:\/\/europeanjournalists.org\/de\/?p=2024"},"modified":"2015-06-10T12:30:56","modified_gmt":"2015-06-10T12:30:56","slug":"protest-gegen-massenentlassungen-bei-ringier-axel-springer-media-ag-in-serbien","status":"publish","type":"post","link":"https:\/\/europeanjournalists.org\/de\/2015\/06\/10\/protest-gegen-massenentlassungen-bei-ringier-axel-springer-media-ag-in-serbien\/","title":{"rendered":"Protest gegen Massenentlassungen bei Ringier Axel Springer Media AG in Serbien"},"content":{"rendered":"<p>Die Ringier Axel Springer Media AG hat in Serbien mehr als 30 JournalistInnen entlassen. Weder wurden den Betroffenen Auffangmassnahmen angeboten noch wurde das Personal informiert, geschweige denn die Gewerkschaften konsultiert. <a href=\"http:\/\/www.syndicom.ch\/de\/newsaktivitaeten\/news\/news-detailansicht\/news\/protest-gegen-massenentlassungen-bei-ringier-axel-springer-media-ag-in-serbien.html?cHash=b40558abd6e670ba924a6b34088313a2\">syndicom<\/a> schliesst sich dem Protest des europ\u00e4ischen JournalistInnenverbands EJF und der beiden serbischen Schwestergewerkschaften an und lanciert einen Appell an die Verlage.<\/p>\n<p>Das in Osteuropa t\u00e4tige Medienunternehmen Ringier Axel Springer Media AG wird seit bald f\u00fcnf Jahren als Joint Venture zwischen dem Schweizer Verlag Ringier und dem deutschen Verlag Axel Springer von Z\u00fcrich aus geleitet. syndicom kritisiert die Entlassung der Festangestellten und st\u00e4ndigen Mitarbeitenden in Serbien und zieht Parallelen zu der Art und Weise, die das Medienunternehmen Axel Springer Schweiz letzten Monat bei der Entlassung von 9 Angestellten der Zeitschrift BeobachterNatur an den Tag gelegt hat: keine Konsultation, keine Suche nach Alternativen, keine anst\u00e4ndigen Abgangsmassnahmen und stattdessen die totale Verweigerung, die zust\u00e4ndigen Gewerkschaften und Verb\u00e4nde einzubeziehen.<br \/>\n<b><br \/>\nWildwestmethoden<\/b><br \/>\nDamit versuchen diese Medienunternehmen, sich in Wildwestmanier \u00fcber jegliche Gewerkschafts- und Arbeitnehmerrechte hinweg zu setzen. syndicom appelliert an die Verlage, sich auf die eigenen ethischen Standards zu besinnen, die soziale Verantwortung gegen\u00fcber ihren Mitarbeitenden einzul\u00f6sen und die \u00fcblichen sozialpartnerschaftlichen Vorgehensweisen gegen\u00fcber den Gewerkschaften einzuhalten.<\/p>\n<p>Die <a class=\"external-link-new-window\" href=\"http:\/\/europeanjournalists.org\/blog\/2015\/06\/08\/massive-dismissals-at-swiss-group-ringier-axel-springer-serbia\/\" target=\"_blank\">Europ\u00e4ische F\u00f6deration der JournalistInnen EJF<\/a> prangert die Entlassungen in Serbien mit harschen Worten an. Insbesondere kritisiert die EJF, dass das Medienunternehmen sich bei der Entlassungswelle nicht an die \u00fcbliche Vorgehensweise gehalten hat. Der Dachverband der Mediengewerkschaften, bei dem syndicom und die beiden serbischen Verb\u00e4nde JAS (The Journalists\u2018 Association of Serbia) und IJAS (The Independent Journalists\u2018 Association of Serbia) Mitglied sind, berichtet von einem eigentlichen Bann gegen die gewerkschaftliche Arbeit und von mehrfacher Verletzung der Arbeitnehmerrechte.<\/p>\n","protected":false},"excerpt":{"rendered":"<p>Die Ringier Axel Springer Media AG hat in Serbien mehr als 30 JournalistInnen entlassen. Weder wurden den Betroffenen Auffangmassnahmen angeboten noch wurde das Personal informiert, geschweige denn die Gewerkschaften konsultiert. syndicom schliesst sich dem Protest des europ\u00e4ischen JournalistInnenverbands EJF und der beiden serbischen Schwestergewerkschaften an und lanciert einen Appell an die Verlage. Das in Osteuropa t\u00e4tige Medienunternehmen Ringier Axel Springer Media AG wird seit bald f\u00fcnf Jahren als Joint Venture zwischen dem Schweizer Verlag Ringier und dem deutschen Verlag Axel Springer von Z\u00fcrich aus geleitet. syndicom kritisiert die Entlassung der Festangestellten und st\u00e4ndigen Mitarbeitenden in Serbien und zieht Parallelen zu&hellip;<\/p>\n","protected":false},"author":1,"featured_media":2025,"comment_status":"closed","ping_status":"closed","sticky":false,"template":"","format":"standard","meta":{"footnotes":""},"categories":[21,12],"tags":[61,129,156,210,188],"class_list":["post-2024","post","type-post","status-publish","format-standard","has-post-thumbnail","hentry","category-labour-rights","category-solidarity-2","tag-efj","tag-nuns","tag-serbia","tag-syndicom","tag-uns"],"_links":{"self":[{"href":"https:\/\/europeanjournalists.org\/de\/wp-json\/wp\/v2\/posts\/2024","targetHints":{"allow":["GET"]}}],"collection":[{"href":"https:\/\/europeanjournalists.org\/de\/wp-json\/wp\/v2\/posts"}],"about":[{"href":"https:\/\/europeanjournalists.org\/de\/wp-json\/wp\/v2\/types\/post"}],"author":[{"embeddable":true,"href":"https:\/\/europeanjournalists.org\/de\/wp-json\/wp\/v2\/users\/1"}],"replies":[{"embeddable":true,"href":"https:\/\/europeanjournalists.org\/de\/wp-json\/wp\/v2\/comments?post=2024"}],"version-history":[{"count":1,"href":"https:\/\/europeanjournalists.org\/de\/wp-json\/wp\/v2\/posts\/2024\/revisions"}],"predecessor-version":[{"id":2026,"href":"https:\/\/europeanjournalists.org\/de\/wp-json\/wp\/v2\/posts\/2024\/revisions\/2026"}],"wp:featuredmedia":[{"embeddable":true,"href":"https:\/\/europeanjournalists.org\/de\/wp-json\/wp\/v2\/media\/2025"}],"wp:attachment":[{"href":"https:\/\/europeanjournalists.org\/de\/wp-json\/wp\/v2\/media?parent=2024"}],"wp:term":[{"taxonomy":"category","embeddable":true,"href":"https:\/\/europeanjournalists.org\/de\/wp-json\/wp\/v2\/categories?post=2024"},{"taxonomy":"post_tag","embeddable":true,"href":"https:\/\/europeanjournalists.org\/de\/wp-json\/wp\/v2\/tags?post=2024"}],"curies":[{"name":"wp","href":"https:\/\/api.w.org\/{rel}","templated":true}]}}