{"id":2243,"date":"2016-12-19T14:01:34","date_gmt":"2016-12-19T14:01:34","guid":{"rendered":"http:\/\/europeanjournalists.org\/de\/?p=2243"},"modified":"2016-12-19T14:10:44","modified_gmt":"2016-12-19T14:10:44","slug":"polen-deutsche-journalistengeewrkscahften-solidarisch-mit-journalisten","status":"publish","type":"post","link":"https:\/\/europeanjournalists.org\/de\/2016\/12\/19\/polen-deutsche-journalistengeewrkscahften-solidarisch-mit-journalisten\/","title":{"rendered":"Deutsche Journalistengewerkschaften  solidarisch mit polnischen Journalisten"},"content":{"rendered":"<p>Der Deutsche Journalisten-Verband und die Deutsche Journalistinnen- und Journalisten-Union (dju)\u00a0 in ver.di erkl\u00e4ren sich solidarisch mit den polnischen Journalisten, die an der Berichterstattung aus dem Warschauer Parlament gehindert werden sollen.<\/p>\n<blockquote><p><em> \u201eDie drastischen Einschr\u00e4nkungen der Berichterstattung aus dem polnischen Parlament sind mit den Grunds\u00e4tzen einer freien und demokratischen Presse nicht vereinbar\u201c, sagte der\u00a0 DJV-Bundesvorsitzende <strong>Frank \u00dcberall<\/strong>.\u00a0 Der DJV unterst\u00fctze deshalb die <a href=\"http:\/\/europeanjournalists.org\/blog\/2016\/12\/18\/polish-government-plans-to-restrict-journalists-access-to-parliament\/\">Bem\u00fchungen der Europ\u00e4ischen Journalisten-F\u00f6deration (EFJ),<\/a> die Restriktionen gegen Journalisten abzuwehren.<\/em><\/p>\n<p>&#8222;Dies ist nach dem Umbau des \u00f6ffentlich-rechtlichen Rundfunks ein neuerlicher Angriff auf die Pressefreiheit, der die Arbeit der Medien in einer ihrer grundlegenden Aufgaben untergr\u00e4bt, n\u00e4mlich in ihrer Kontrollfunktion gegen\u00fcber den Machthabern\u201c, kritisierte dju-Bundesgesch\u00e4ftsf\u00fchrerin <strong>Cornelia Ha\u00df<\/strong>.<\/p><\/blockquote>\n<p>Nach Informationen des DJV sollen nur noch rund 20 Journalistinnen und Journalisten Zutritt zum polnischen Parlament Sejm bekommen. Fotos und Filmaufnahmen aus dem Plenarsaal sollen grunds\u00e4tzlich verboten werden.<\/p>\n<p>Die Berichterstatter sollen sich nur in einem Arbeitsraum f\u00fcr die Presse aufhalten und auf den Fluren des Parlaments keine Interviews mit Politikern mehr f\u00fchren d\u00fcrfen.<\/p>\n<p>Der DJV und dju begr\u00fcssen die Proteste vom Wochenende gegen die Einschr\u00e4nkungen der Pressefreiheit in Polen.<\/p>\n<p>https:\/\/dju.verdi.de\/presse\/pressemitteilungen\/++co++c678ed32-c5ed-11e6-a252-525400ed87ba<\/p>\n<p>https:\/\/www.djv.de\/startseite\/profil\/der-djv\/pressebereich-download\/pressemitteilungen\/detail\/article\/einschraenkungen-zuruecknehmen.html<\/p>\n<p>Foto (c):\u00a0<em> Wojtek Radwanski \/ AFP.<\/em><\/p>\n<p>&nbsp;<\/p>\n","protected":false},"excerpt":{"rendered":"<p>Der Deutsche Journalisten-Verband und die Deutsche Journalistinnen- und Journalisten-Union (dju)\u00a0 in ver.di erkl\u00e4ren sich solidarisch mit den polnischen Journalisten, die an der Berichterstattung aus dem Warschauer Parlament gehindert werden sollen. \u201eDie drastischen Einschr\u00e4nkungen der Berichterstattung aus dem polnischen Parlament sind mit den Grunds\u00e4tzen einer freien und demokratischen Presse nicht vereinbar\u201c, sagte der\u00a0 DJV-Bundesvorsitzende Frank \u00dcberall.\u00a0 Der DJV unterst\u00fctze deshalb die Bem\u00fchungen der Europ\u00e4ischen Journalisten-F\u00f6deration (EFJ), die Restriktionen gegen Journalisten abzuwehren. &#8222;Dies ist nach dem Umbau des \u00f6ffentlich-rechtlichen Rundfunks ein neuerlicher Angriff auf die Pressefreiheit, der die Arbeit der Medien in einer ihrer grundlegenden Aufgaben untergr\u00e4bt, n\u00e4mlich in ihrer Kontrollfunktion gegen\u00fcber&hellip;<\/p>\n","protected":false},"author":4,"featured_media":2245,"comment_status":"closed","ping_status":"closed","sticky":false,"template":"","format":"standard","meta":{"footnotes":""},"categories":[4,5,7,12],"tags":[224],"class_list":["post-2243","post","type-post","status-publish","format-standard","has-post-thumbnail","hentry","category-members","category-news","category-press-freedom","category-solidarity-2","tag-polen"],"_links":{"self":[{"href":"https:\/\/europeanjournalists.org\/de\/wp-json\/wp\/v2\/posts\/2243","targetHints":{"allow":["GET"]}}],"collection":[{"href":"https:\/\/europeanjournalists.org\/de\/wp-json\/wp\/v2\/posts"}],"about":[{"href":"https:\/\/europeanjournalists.org\/de\/wp-json\/wp\/v2\/types\/post"}],"author":[{"embeddable":true,"href":"https:\/\/europeanjournalists.org\/de\/wp-json\/wp\/v2\/users\/4"}],"replies":[{"embeddable":true,"href":"https:\/\/europeanjournalists.org\/de\/wp-json\/wp\/v2\/comments?post=2243"}],"version-history":[{"count":6,"href":"https:\/\/europeanjournalists.org\/de\/wp-json\/wp\/v2\/posts\/2243\/revisions"}],"predecessor-version":[{"id":2250,"href":"https:\/\/europeanjournalists.org\/de\/wp-json\/wp\/v2\/posts\/2243\/revisions\/2250"}],"wp:featuredmedia":[{"embeddable":true,"href":"https:\/\/europeanjournalists.org\/de\/wp-json\/wp\/v2\/media\/2245"}],"wp:attachment":[{"href":"https:\/\/europeanjournalists.org\/de\/wp-json\/wp\/v2\/media?parent=2243"}],"wp:term":[{"taxonomy":"category","embeddable":true,"href":"https:\/\/europeanjournalists.org\/de\/wp-json\/wp\/v2\/categories?post=2243"},{"taxonomy":"post_tag","embeddable":true,"href":"https:\/\/europeanjournalists.org\/de\/wp-json\/wp\/v2\/tags?post=2243"}],"curies":[{"name":"wp","href":"https:\/\/api.w.org\/{rel}","templated":true}]}}