{"id":2663,"date":"2020-05-03T07:35:40","date_gmt":"2020-05-03T07:35:40","guid":{"rendered":"https:\/\/europeanjournalists.org\/de\/?p=2663"},"modified":"2020-05-03T07:35:40","modified_gmt":"2020-05-03T07:35:40","slug":"internationaler-tag-der-pressefreiheit-journalismus-kann-leben-retten","status":"publish","type":"post","link":"https:\/\/europeanjournalists.org\/de\/2020\/05\/03\/internationaler-tag-der-pressefreiheit-journalismus-kann-leben-retten\/","title":{"rendered":"Internationaler Tag der Pressefreiheit: Journalismus kann Leben retten"},"content":{"rendered":"<p><a href=\"https:\/\/europeanjournalists.org\/de\/wp-content\/uploads\/sites\/3\/2020\/05\/WPFD-BJV-1.mov\">WPFD-BJV<\/a><\/p>\n<blockquote><p>Insbesondere in Zeiten die wir gerade erleben, <b>kann Journalismus Leben retten<\/b>, oft gerade wenn er \u00fcber die R\u00e4nder der eigenen nationalen Grenzen guckt.<\/p>\n<p>Und guter Journalismus \u2013 mehr denn je- wird gesch\u00e4tzt, gelesen und geh\u00f6rt.<\/p>\n<p>Doch hat es seit dem zweiten Weltkrieg in Europa sicher nicht so viele Angriffe auf JournalistInnen gegeben, wie heute, wenn immer mehr Politiker, aber auch B\u00fcrger Journalisten als sogenannte \u201cfake news\u201d Verbreiter verschm\u00e4hen und der Online Bel\u00e4stigung keine Grenzen setzen.<\/p>\n<p>Pressefreiheit f\u00fcr mich meint freier Zugang zu Informationen, Respekt f\u00fcr die immer komplizierter werdende Arbeit der Journalisten, die unsere globalen und lokalen Welten zusammenbringen sollte und zu gegenseitigem Verst\u00e4ndnis verhelfen kann. Pressefreiheit bedeutet Schutz gegen zunehmende \u00dcberwachung und Garantie des Medienprivilegs, gerade wenn es um den Kampf gegen Terrorismus, Corona oder des Klimawandels geht.<\/p>\n<p>Leider sind wir davon in Europa weit entfernt. Laut des gerade ver\u00f6ffentlichen Berichts des Europarates zur Sicherheit von Journalisten nehmen gewaltt\u00e4tige Angriffe gegen Journalisten zu, auch in L\u00e4ndern wie Frankreich, Schweden und Deutschland. Unproportionale Notstandsgesetze werden in einigen EU L\u00e4ndern gerade missbraucht. Sie haben die F\u00e4higkeit der Medien bereits stark beeintr\u00e4chtigt, ihre \u201cWatchdog\u201d Rolle zu erf\u00fcllen.<\/p>\n<p><b>Im Zeitalter des Ausnahmezustands muss der Schutz der Presse als H\u00fcter der Demokratie bewahrt und st\u00e4ndig, nicht nur am Tag der Pressefreiheit, verteidigt werden.<\/b><\/p><\/blockquote>\n<p>&nbsp;<\/p>\n<p>Video ist f\u00fcr den Bayrischen Journalisten- Verbund (BJV) erstellt worden.<\/p>\n","protected":false},"excerpt":{"rendered":"<p>WPFD-BJV Insbesondere in Zeiten die wir gerade erleben, kann Journalismus Leben retten, oft gerade wenn er \u00fcber die R\u00e4nder der eigenen nationalen Grenzen guckt. Und guter Journalismus \u2013 mehr denn je- wird gesch\u00e4tzt, gelesen und geh\u00f6rt. Doch hat es seit dem zweiten Weltkrieg in Europa sicher nicht so viele Angriffe auf JournalistInnen gegeben, wie heute, wenn immer mehr Politiker, aber auch B\u00fcrger Journalisten als sogenannte \u201cfake news\u201d Verbreiter verschm\u00e4hen und der Online Bel\u00e4stigung keine Grenzen setzen. Pressefreiheit f\u00fcr mich meint freier Zugang zu Informationen, Respekt f\u00fcr die immer komplizierter werdende Arbeit der Journalisten, die unsere globalen und lokalen Welten zusammenbringen&hellip;<\/p>\n","protected":false},"author":4,"featured_media":2671,"comment_status":"closed","ping_status":"open","sticky":false,"template":"","format":"video","meta":{"footnotes":""},"categories":[7],"tags":[276],"class_list":["post-2663","post","type-post","status-publish","format-video","has-post-thumbnail","hentry","category-press-freedom","tag-wpfd","post_format-post-format-video"],"_links":{"self":[{"href":"https:\/\/europeanjournalists.org\/de\/wp-json\/wp\/v2\/posts\/2663","targetHints":{"allow":["GET"]}}],"collection":[{"href":"https:\/\/europeanjournalists.org\/de\/wp-json\/wp\/v2\/posts"}],"about":[{"href":"https:\/\/europeanjournalists.org\/de\/wp-json\/wp\/v2\/types\/post"}],"author":[{"embeddable":true,"href":"https:\/\/europeanjournalists.org\/de\/wp-json\/wp\/v2\/users\/4"}],"replies":[{"embeddable":true,"href":"https:\/\/europeanjournalists.org\/de\/wp-json\/wp\/v2\/comments?post=2663"}],"version-history":[{"count":5,"href":"https:\/\/europeanjournalists.org\/de\/wp-json\/wp\/v2\/posts\/2663\/revisions"}],"predecessor-version":[{"id":2674,"href":"https:\/\/europeanjournalists.org\/de\/wp-json\/wp\/v2\/posts\/2663\/revisions\/2674"}],"wp:featuredmedia":[{"embeddable":true,"href":"https:\/\/europeanjournalists.org\/de\/wp-json\/wp\/v2\/media\/2671"}],"wp:attachment":[{"href":"https:\/\/europeanjournalists.org\/de\/wp-json\/wp\/v2\/media?parent=2663"}],"wp:term":[{"taxonomy":"category","embeddable":true,"href":"https:\/\/europeanjournalists.org\/de\/wp-json\/wp\/v2\/categories?post=2663"},{"taxonomy":"post_tag","embeddable":true,"href":"https:\/\/europeanjournalists.org\/de\/wp-json\/wp\/v2\/tags?post=2663"}],"curies":[{"name":"wp","href":"https:\/\/api.w.org\/{rel}","templated":true}]}}