{"id":2676,"date":"2020-05-19T10:53:39","date_gmt":"2020-05-19T10:53:39","guid":{"rendered":"https:\/\/europeanjournalists.org\/de\/?p=2676"},"modified":"2020-05-19T12:28:23","modified_gmt":"2020-05-19T12:28:23","slug":"ja-zur-pressefreiheit-bundesverfassungsgericht-erklaert-weltweite-massenueberwachung-durch-den-nachrichtendienst-fuer-verfassungswidrig","status":"publish","type":"post","link":"https:\/\/europeanjournalists.org\/de\/2020\/05\/19\/ja-zur-pressefreiheit-bundesverfassungsgericht-erklaert-weltweite-massenueberwachung-durch-den-nachrichtendienst-fuer-verfassungswidrig\/","title":{"rendered":"Ja zur Pressefreiheit: Bundesverfassungsgericht erkl\u00e4rt weltweite Massen\u00fcberwachung durch den Nachrichtendienst  f\u00fcr verfassungswidrig"},"content":{"rendered":"<p>Das Bundesverfassungsgericht hat die \u00dcberwachung des weltweiten Internetverkehrs durch den Bundesnachrichtendienst (BND) f\u00fcr verfassungswidrig erkl\u00e4rt. Das ma\u00dfgebliche BND-Gesetz missachte die Telekommunikationsfreiheit in Artikel 10 des Grundgesetzes, weil es die Bindung der Auslands\u00fcberwachung an das Grundgesetz nicht anerkenne. Bei der Neufassung des BND-Gesetzes m\u00fcsse der Gesetzgeber beachten, dass eine anlasslose Auslands\u00fcberwachung nur in eng begrenzten F\u00e4llen m\u00f6glich sei. Auch m\u00fcssten verletzliche Personengruppen wie Journalist*innen besonders gesch\u00fctzt werden. Die gezielte \u00dcberwachung Einzelner sei an h\u00f6here H\u00fcrden zu kn\u00fcpfen. Weiter m\u00fcsse die Auslands\u00fcberwachung wesentlich effektiver durch unabh\u00e4ngige Gremien mit eigener Budgethoheit kontrolliert werden. Das Urteil setzt damit neue Standards im internationalen Menschenrechtsschutz und f\u00fcr die Freiheit der Presse.<\/p>\n<p>Anlass f\u00fcr die Entscheidung war eine Verfassungsbeschwerde, die ein B\u00fcndnis aus der <strong>Deutschen Journalistinnen und Journalisten-Union (dju) in ver.di, <\/strong>dem <strong>Deutschen Journalisten-Verband (DJV)<\/strong>, mehrerer ausl\u00e4ndischer Investigativ-Journalisten, Reporter\u00a0ohne Grenzen (RSF), Journalistennetzwerk n-ost, netzwerk recherche und die Gesellschaft f\u00fcr Freiheitsrechte (GFF) \u00a0eingereicht hatte. Der Fall warf unter anderem die Grundsatzfrage auf, ob deutsche Beh\u00f6rden im Ausland \u00fcberhaupt an die Grundrechte des Grundgesetzes gebunden sind. Das hat das Bundesverfassungsgericht f\u00fcr Artikel 10 des Grundgesetzes nun unmissverst\u00e4ndlich bejaht.<\/p>\n<blockquote><p>&#8222;In Zeiten, in denen Grundrechte, auch durch den Staat, immer wieder verletzt oder eingeschr\u00e4nkt werden, ist diese Feststellung ein ganz wichtiges Signal&#8220;, sagt <strong>Cornelia Berger,<\/strong> Bundesgesch\u00e4ftsf\u00fchrerin der dju in ver.di. &#8222;Das st\u00e4rkt die Pressefreiheit und damit auch unsere Demokratie.&#8220;<\/p>\n<p><span class=\"css-901oao css-16my406 r-1qd0xha r-ad9z0x r-bcqeeo r-qvutc0\">&#8222;Wir sind froh, dass die <\/span><span class=\"r-18u37iz\">Pressefreiheit<\/span><span class=\"css-901oao css-16my406 r-1qd0xha r-ad9z0x r-bcqeeo r-qvutc0\"> und der <\/span><span class=\"r-18u37iz\">Informantenschutz<\/span><span class=\"css-901oao css-16my406 r-1qd0xha r-ad9z0x r-bcqeeo r-qvutc0\"> auf die Art und Weise aus Karlsruhe gest\u00e4rkt wurden.&#8220; sagte der DJV.<\/span><\/p>\n<p><a href=\"https:\/\/notrustnonews.org\/\">Mehr Informationen<\/a> inklusive der Verfassungsbeschwerde, \u00fcber die entschieden wurde.<\/p>\n<p>Sie finden die Online-Version sowie <a href=\"https:\/\/tinyurl.com\/yasjtqnp\">ein PDF<\/a> dieser Pressemitteilung.<\/p><\/blockquote>\n","protected":false},"excerpt":{"rendered":"<p>Das Bundesverfassungsgericht hat die \u00dcberwachung des weltweiten Internetverkehrs durch den Bundesnachrichtendienst (BND) f\u00fcr verfassungswidrig erkl\u00e4rt. Das ma\u00dfgebliche BND-Gesetz missachte die Telekommunikationsfreiheit in Artikel 10 des Grundgesetzes, weil es die Bindung der Auslands\u00fcberwachung an das Grundgesetz nicht anerkenne. Bei der Neufassung des BND-Gesetzes m\u00fcsse der Gesetzgeber beachten, dass eine anlasslose Auslands\u00fcberwachung nur in eng begrenzten F\u00e4llen m\u00f6glich sei. Auch m\u00fcssten verletzliche Personengruppen wie Journalist*innen besonders gesch\u00fctzt werden. Die gezielte \u00dcberwachung Einzelner sei an h\u00f6here H\u00fcrden zu kn\u00fcpfen. Weiter m\u00fcsse die Auslands\u00fcberwachung wesentlich effektiver durch unabh\u00e4ngige Gremien mit eigener Budgethoheit kontrolliert werden. Das Urteil setzt damit neue Standards im internationalen Menschenrechtsschutz und&hellip;<\/p>\n","protected":false},"author":4,"featured_media":2679,"comment_status":"closed","ping_status":"open","sticky":false,"template":"","format":"standard","meta":{"footnotes":""},"categories":[5,7],"tags":[221],"class_list":["post-2676","post","type-post","status-publish","format-standard","has-post-thumbnail","hentry","category-news","category-press-freedom","tag-germany"],"_links":{"self":[{"href":"https:\/\/europeanjournalists.org\/de\/wp-json\/wp\/v2\/posts\/2676","targetHints":{"allow":["GET"]}}],"collection":[{"href":"https:\/\/europeanjournalists.org\/de\/wp-json\/wp\/v2\/posts"}],"about":[{"href":"https:\/\/europeanjournalists.org\/de\/wp-json\/wp\/v2\/types\/post"}],"author":[{"embeddable":true,"href":"https:\/\/europeanjournalists.org\/de\/wp-json\/wp\/v2\/users\/4"}],"replies":[{"embeddable":true,"href":"https:\/\/europeanjournalists.org\/de\/wp-json\/wp\/v2\/comments?post=2676"}],"version-history":[{"count":5,"href":"https:\/\/europeanjournalists.org\/de\/wp-json\/wp\/v2\/posts\/2676\/revisions"}],"predecessor-version":[{"id":2682,"href":"https:\/\/europeanjournalists.org\/de\/wp-json\/wp\/v2\/posts\/2676\/revisions\/2682"}],"wp:featuredmedia":[{"embeddable":true,"href":"https:\/\/europeanjournalists.org\/de\/wp-json\/wp\/v2\/media\/2679"}],"wp:attachment":[{"href":"https:\/\/europeanjournalists.org\/de\/wp-json\/wp\/v2\/media?parent=2676"}],"wp:term":[{"taxonomy":"category","embeddable":true,"href":"https:\/\/europeanjournalists.org\/de\/wp-json\/wp\/v2\/categories?post=2676"},{"taxonomy":"post_tag","embeddable":true,"href":"https:\/\/europeanjournalists.org\/de\/wp-json\/wp\/v2\/tags?post=2676"}],"curies":[{"name":"wp","href":"https:\/\/api.w.org\/{rel}","templated":true}]}}