{"id":1955,"date":"2015-01-09T15:21:25","date_gmt":"2015-01-09T15:21:25","guid":{"rendered":"http:\/\/europeanjournalists.org\/fr\/?p=1955"},"modified":"2015-01-12T09:31:20","modified_gmt":"2015-01-12T09:31:20","slug":"charly-hebdo-que-faire-maintenant","status":"publish","type":"post","link":"https:\/\/europeanjournalists.org\/fr\/2015\/01\/09\/charly-hebdo-que-faire-maintenant\/","title":{"rendered":"\u00ab\u00a0Charlie-Hebdo\u00a0\u00bb: que faire, maintenant?"},"content":{"rendered":"<p>Tous les journalistes souffrent dans leur chair, depuis l&rsquo;attentat perp\u00e9tr\u00e9 \u00e0 la r\u00e9daction de l&rsquo;hebdomadaire satirique \u00ab\u00a0Charlie Hebdo\u00a0\u00bb, le 7 janvier dernier, \u00e0 Paris. Tous s&rsquo;interrogent sur l&rsquo;impact du carnage sur l&rsquo;exercice de la profession. Il n&rsquo;y a pas lieu de s&rsquo;inqui\u00e9ter&#8230;<\/p>\n<p>Tr\u00e8s vite, notre f\u00e9d\u00e9ration a \u00e9t\u00e9 inond\u00e9e de messages de solidarit\u00e9 avec les victimes. Des messages issus des quatre coins de l&rsquo;Europe. Des messages qui apportaient tous la meilleure r\u00e9ponse qui puisse \u00eatre oppos\u00e9e aux terroristes: non, les journalistes n&rsquo;ont pas peur; oui, plus que jamais, ils brandiront haut leur libert\u00e9; non, ils ne c\u00e8deront pas \u00e0 la tentation des discours de haine.<\/p>\n<p>C&rsquo;est le plus bel hommage qu&rsquo;on peut rendre \u00e0 la consoeur et aux confr\u00e8res assassin\u00e9s \u00e0 Paris.<\/p>\n<h2>Que faire, maintenant?<\/h2>\n<p>R\u00e9sister au discours ultra-s\u00e9curitaire (nous ne voulons pas d&rsquo;une soci\u00e9t\u00e9 o\u00f9 les journalistes ne pourraient travailler que sous protection polici\u00e8re).<\/p>\n<p>Ne pas c\u00e9der aux r\u00e9flexes de peur ou de haine.<\/p>\n<p>Combattre les amalgames et les id\u00e9es re\u00e7ues.<\/p>\n<p>Exiger davantage de libert\u00e9. Pour la presse et pour la soci\u00e9t\u00e9.<\/p>\n<p>D\u00e9noncer la mont\u00e9e des in\u00e9galit\u00e9s et l&rsquo;effet d\u00e9vastateur des discriminations.<\/p>\n<p>S&rsquo;interroger, surtout, sur nos propres responsabilit\u00e9s, en tant que journalistes.<\/p>\n<p>Et \u00e0 cet \u00e9gard, ne jamais oublier le remarquable avertissement que nous lan\u00e7ait Claude Julien, alors directeur du \u00ab\u00a0Monde diplomatique\u00a0\u00bb, voici 36 ans:<\/p>\n<blockquote><p>\u00ab\u00a0Car les v\u00e9rit\u00e9s du pouvoir (pouvoir de l\u2019Etat, pouvoir des partis d\u2019opposition, pouvoir de l\u2019argent, pouvoir de ceux qui orientent et d\u00e9cident) ne peuvent pas \u00eatre les siennes. Il sait qu\u2019autour de chacun de ces pouvoirs gravitent une multitude de comp\u00e9tences et de talents, et qu\u2019il n\u2019a rien \u00e0 faire parmi eux parce que, par d\u00e9finition, sous peine de se trahir, celui qui tente de penser et d\u2019\u00e9crire n\u2019a d\u2019autre choix que de r\u00e9v\u00e9ler ce que tout pouvoir s\u2019efforce de cacher, d\u2019exposer en pleine lumi\u00e8re ce que tout pouvoir veut pr\u00e9senter sous l\u2019\u00e9clairage le plus favorable, de mettre le doigt sur les contradictions et les impostures, d\u2019attirer les regards sur ce qu\u2019il peut \u00eatre difficile de percevoir, d\u2019\u00e9couter ceux qui ont peu de moyens de se faire entendre, de traduire ce qu\u2019ils disent parfois si bien alors que nul ne les \u00e9coute\u00a0\u00bb.<\/p><\/blockquote>\n<p>Suivre ce bon conseil nous aidera \u00e0 lever les doutes qui nous hantent, depuis le 7 janvier.<\/p>\n<p>La soci\u00e9t\u00e9 ne veut pas de journalistes domin\u00e9s par la peur ou par la haine. Elle attend surtout de nous que nous fassions preuve de courage et de clairvoyance.<\/p>\n<p style=\"text-align: right\"><strong>Ricardo Guti\u00e9rrez<\/strong><\/p>\n<p style=\"text-align: right\"><strong>Secr\u00e9taire g\u00e9n\u00e9ral de la FEJ<\/strong><\/p>\n","protected":false},"excerpt":{"rendered":"<p>Tous les journalistes souffrent dans leur chair, depuis l&rsquo;attentat perp\u00e9tr\u00e9 \u00e0 la r\u00e9daction de l&rsquo;hebdomadaire satirique \u00ab\u00a0Charlie Hebdo\u00a0\u00bb, le 7 janvier dernier, \u00e0 Paris. Tous s&rsquo;interrogent sur l&rsquo;impact du carnage sur l&rsquo;exercice de la profession. Il n&rsquo;y a pas lieu de s&rsquo;inqui\u00e9ter&#8230; Tr\u00e8s vite, notre f\u00e9d\u00e9ration a \u00e9t\u00e9 inond\u00e9e de messages de solidarit\u00e9 avec les victimes. Des messages issus des quatre coins de l&rsquo;Europe. Des messages qui apportaient tous la meilleure r\u00e9ponse qui puisse \u00eatre oppos\u00e9e aux terroristes: non, les journalistes n&rsquo;ont pas peur; oui, plus que jamais, ils brandiront haut leur libert\u00e9; non, ils ne c\u00e8deront pas \u00e0 la&hellip;<\/p>\n","protected":false},"author":2,"featured_media":1959,"comment_status":"open","ping_status":"open","sticky":false,"template":"","format":"standard","meta":{"footnotes":""},"categories":[5,6,7],"tags":[],"class_list":["post-1955","post","type-post","status-publish","format-standard","has-post-thumbnail","hentry","category-news","category-policy","category-press-freedom"],"_links":{"self":[{"href":"https:\/\/europeanjournalists.org\/fr\/wp-json\/wp\/v2\/posts\/1955","targetHints":{"allow":["GET"]}}],"collection":[{"href":"https:\/\/europeanjournalists.org\/fr\/wp-json\/wp\/v2\/posts"}],"about":[{"href":"https:\/\/europeanjournalists.org\/fr\/wp-json\/wp\/v2\/types\/post"}],"author":[{"embeddable":true,"href":"https:\/\/europeanjournalists.org\/fr\/wp-json\/wp\/v2\/users\/2"}],"replies":[{"embeddable":true,"href":"https:\/\/europeanjournalists.org\/fr\/wp-json\/wp\/v2\/comments?post=1955"}],"version-history":[{"count":3,"href":"https:\/\/europeanjournalists.org\/fr\/wp-json\/wp\/v2\/posts\/1955\/revisions"}],"predecessor-version":[{"id":1985,"href":"https:\/\/europeanjournalists.org\/fr\/wp-json\/wp\/v2\/posts\/1955\/revisions\/1985"}],"wp:featuredmedia":[{"embeddable":true,"href":"https:\/\/europeanjournalists.org\/fr\/wp-json\/wp\/v2\/media\/1959"}],"wp:attachment":[{"href":"https:\/\/europeanjournalists.org\/fr\/wp-json\/wp\/v2\/media?parent=1955"}],"wp:term":[{"taxonomy":"category","embeddable":true,"href":"https:\/\/europeanjournalists.org\/fr\/wp-json\/wp\/v2\/categories?post=1955"},{"taxonomy":"post_tag","embeddable":true,"href":"https:\/\/europeanjournalists.org\/fr\/wp-json\/wp\/v2\/tags?post=1955"}],"curies":[{"name":"wp","href":"https:\/\/api.w.org\/{rel}","templated":true}]}}