{"id":2175,"date":"2015-03-20T10:48:20","date_gmt":"2015-03-20T10:48:20","guid":{"rendered":"http:\/\/europeanjournalists.org\/fr\/?p=2175"},"modified":"2015-03-30T08:34:56","modified_gmt":"2015-03-30T08:34:56","slug":"non-au-patriot-act-a-la-francaise","status":"publish","type":"post","link":"https:\/\/europeanjournalists.org\/fr\/2015\/03\/20\/non-au-patriot-act-a-la-francaise\/","title":{"rendered":"Non au \u00ab\u00a0Patriot Act\u00a0\u00bb \u00e0 la fran\u00e7aise"},"content":{"rendered":"<p>La F\u00e9d\u00e9ration europ\u00e9enne des journalistes (FEJ) s&rsquo;\u00e9tait inqui\u00e9t\u00e9e, d\u00e8s le lendemain des attentats de janvier \u00e0 Paris, de <a href=\"http:\/\/europeanjournalists.org\/fr\/2015\/01\/11\/la-marche-pour-la-liberte-exige-une-reponse-politique-a-la-hauteur\/\">la tentation des d\u00e9cideurs politiques fran\u00e7ais d&rsquo;adopter une s\u00e9rie de l\u00e9gislations liberticides<\/a>.<\/p>\n<p>La FEJ et l&rsquo;ensemble de ses affili\u00e9s fran\u00e7ais, le SNJ, le SNJ-CGT et la CFDT-Journalistes, avaient r\u00e9it\u00e9r\u00e9 <a href=\"http:\/\/www.snjcgt.fr\/_docs\/Fichier\/2015\/8-150113033228.pdf\">cet appel<\/a> le 13 janvier.\u00a0Le risque semble n\u00e9anmoins se confirmer, \u00e0 en juger par la teneur du projet de loi du gouvernement fran\u00e7ais sur le renseignement. <em>\u00ab\u00a0La France se donne un air de \u00ab\u00a0Patriot Act\u00a0\u00bb et a trouv\u00e9 ses sources d\u2019inspiration aupr\u00e8s de la NSA am\u00e9ricaine\u00a0\u00bb<\/em>, r\u00e9agit le SNJ-CGT, affili\u00e9 de la FEJ en France. <em>\u00ab\u00a0Le dispositif pr\u00e9voit en effet de donner aux services de renseignement la capacit\u00e9 d\u2019enregistrer toutes les communications dans une zone tr\u00e8s large et avec des moyens accrus (pose de micros, surveillance informatique, g\u00e9olocalisation, etc.), y compris donc pour des citoyens ne faisant l\u2019objet d\u2019aucune surveillance, et pour une dur\u00e9e de cinq ans, au pr\u00e9texte de rechercher quelques individus suppos\u00e9s suspects\u00a0\u00bb<\/em>.<\/p>\n<p>Le SNJ-GGT rappelle que la\u00a0Commission nationale de l&rsquo;informatique et des libert\u00e9s (CNIL) a d\u00e9nonc\u00e9 cet \u00e9largissement des comp\u00e9tences des services de renseignement et s\u2019est inqui\u00e9t\u00e9e que les journalistes (comme les avocats et les m\u00e9decins) ne soient pas prot\u00e9g\u00e9s contre les intrusions dans l\u2019exercice de leur m\u00e9tier.<\/p>\n<p><em>\u00ab\u00a0Les atteintes aux libert\u00e9s fondamentales se multiplient aujourd\u2019hui en France<\/em>, insiste le SNJ-CGT; <em>en effet, on se rappelle que Manuel Valls, alors ministre de l\u2019int\u00e9rieur, avait fait retirer le projet de loi sur la protection des sources des journalistes. Puis, plus r\u00e9cemment, le projet de loi Macron contenait des articles garantissant aux entreprises le secret des affaires.\u00a0La mobilisation des syndicats de journalistes avait entrain\u00e9 le retrait de dispositions figurant parmi les revendications du MEDEF depuis plusieurs ann\u00e9es. Ces m\u00eames dispositions font l\u2019objet d\u2019un projet de directive, approuv\u00e9 par le Conseil des ministres de l\u2019Union europ\u00e9enne le 26 mai 2014 et donc par la France\u00a0\u00bb<\/em>.<\/p>\n<p>Pour le SNJ-CGT, le pr\u00e9sident Hollande, et les ministres Valls et Macron, <em>\u00ab\u00a0en renfor\u00e7ant un arsenal l\u00e9gislatif d\u00e9j\u00e0 largement suffisant entra\u00eenent la France dans un r\u00e9gime de plus en plus policier, o\u00f9 les citoyens seront \u00e9pi\u00e9s en permanence et o\u00f9 les journalistes ne pourront plus informer, sinon en reprenant les communiqu\u00e9s officiels ou des services de communication des entreprises.\u00a0La situation est grave, inqui\u00e9tante et exige des r\u00e9actions \u00e0 la hauteur des enjeux. Le SNJ-CGT appelle la profession et tous les citoyens \u00e0 se lever contre un gouvernement qui, pour masquer sa politique antisociale, se saisit du pr\u00e9texte de la menace terroriste ou du Front national, pour tourner le dos aux valeurs d\u00e9mocratiques et satisfaire les exigences les plus r\u00e9actionnaires du monde de la finance \u00e0 la t\u00eate des grands groupes industriels\u00a0\u00bb<\/em>.<\/p>\n<p><em>Photo Credit : <a href=\"https:\/\/farm4.staticflickr.com\/3815\/9076885328_510b20ba0c_o.jpg\">Magnus Manske<\/a> (CC BY-SA 2.0)<\/em><\/p>\n","protected":false},"excerpt":{"rendered":"<p>La F\u00e9d\u00e9ration europ\u00e9enne des journalistes (FEJ) s&rsquo;\u00e9tait inqui\u00e9t\u00e9e, d\u00e8s le lendemain des attentats de janvier \u00e0 Paris, de la tentation des d\u00e9cideurs politiques fran\u00e7ais d&rsquo;adopter une s\u00e9rie de l\u00e9gislations liberticides. La FEJ et l&rsquo;ensemble de ses affili\u00e9s fran\u00e7ais, le SNJ, le SNJ-CGT et la CFDT-Journalistes, avaient r\u00e9it\u00e9r\u00e9 cet appel le 13 janvier.\u00a0Le risque semble n\u00e9anmoins se confirmer, \u00e0 en juger par la teneur du projet de loi du gouvernement fran\u00e7ais sur le renseignement. \u00ab\u00a0La France se donne un air de \u00ab\u00a0Patriot Act\u00a0\u00bb et a trouv\u00e9 ses sources d\u2019inspiration aupr\u00e8s de la NSA am\u00e9ricaine\u00a0\u00bb, r\u00e9agit le SNJ-CGT, affili\u00e9 de la FEJ&hellip;<\/p>\n","protected":false},"author":5,"featured_media":2189,"comment_status":"open","ping_status":"open","sticky":false,"template":"","format":"standard","meta":{"footnotes":""},"categories":[4,7],"tags":[249],"class_list":["post-2175","post","type-post","status-publish","format-standard","has-post-thumbnail","hentry","category-members","category-press-freedom","tag-snj-cgt-france-patriot-act"],"_links":{"self":[{"href":"https:\/\/europeanjournalists.org\/fr\/wp-json\/wp\/v2\/posts\/2175","targetHints":{"allow":["GET"]}}],"collection":[{"href":"https:\/\/europeanjournalists.org\/fr\/wp-json\/wp\/v2\/posts"}],"about":[{"href":"https:\/\/europeanjournalists.org\/fr\/wp-json\/wp\/v2\/types\/post"}],"author":[{"embeddable":true,"href":"https:\/\/europeanjournalists.org\/fr\/wp-json\/wp\/v2\/users\/5"}],"replies":[{"embeddable":true,"href":"https:\/\/europeanjournalists.org\/fr\/wp-json\/wp\/v2\/comments?post=2175"}],"version-history":[{"count":3,"href":"https:\/\/europeanjournalists.org\/fr\/wp-json\/wp\/v2\/posts\/2175\/revisions"}],"predecessor-version":[{"id":2191,"href":"https:\/\/europeanjournalists.org\/fr\/wp-json\/wp\/v2\/posts\/2175\/revisions\/2191"}],"wp:featuredmedia":[{"embeddable":true,"href":"https:\/\/europeanjournalists.org\/fr\/wp-json\/wp\/v2\/media\/2189"}],"wp:attachment":[{"href":"https:\/\/europeanjournalists.org\/fr\/wp-json\/wp\/v2\/media?parent=2175"}],"wp:term":[{"taxonomy":"category","embeddable":true,"href":"https:\/\/europeanjournalists.org\/fr\/wp-json\/wp\/v2\/categories?post=2175"},{"taxonomy":"post_tag","embeddable":true,"href":"https:\/\/europeanjournalists.org\/fr\/wp-json\/wp\/v2\/tags?post=2175"}],"curies":[{"name":"wp","href":"https:\/\/api.w.org\/{rel}","templated":true}]}}