{"id":2255,"date":"2015-05-06T11:30:39","date_gmt":"2015-05-06T11:30:39","guid":{"rendered":"http:\/\/europeanjournalists.org\/fr\/?p=2255"},"modified":"2015-05-06T17:54:37","modified_gmt":"2015-05-06T17:54:37","slug":"la-loi-sur-le-renseignement-compromet-la-liberte-de-la-presse-en-france","status":"publish","type":"post","link":"https:\/\/europeanjournalists.org\/fr\/2015\/05\/06\/la-loi-sur-le-renseignement-compromet-la-liberte-de-la-presse-en-france\/","title":{"rendered":"La loi sur le renseignement compromet la libert\u00e9 de la presse en France"},"content":{"rendered":"<p>La F\u00e9d\u00e9ration europ\u00e9enne des journalistes (FEJ) soutient l&rsquo;appel lanc\u00e9 par ses affili\u00e9s fran\u00e7ais SNJ et SNJ-CGT et des dizaines d&rsquo;organisations professionnelle et civiles pour d\u00e9noncer l&rsquo;instauration d&rsquo;<a href=\"http:\/\/europeanjournalists.org\/fr\/2015\/03\/20\/non-au-patriot-act-a-la-francaise\/\">une surveillance g\u00e9n\u00e9ralis\u00e9e des citoyens<\/a>, en France.<\/p>\n<p>Au lendemain des attentats de Paris, la FEJ avait <a href=\"http:\/\/europeanjournalists.org\/fr\/2015\/01\/11\/la-marche-pour-la-liberte-exige-une-reponse-politique-a-la-hauteur\/\">appel\u00e9 les gouvernements\u00a0<\/a>\u00e0 r\u00e9sister \u00e0 la tentation de nouvelles lois liberticides. L&rsquo;appel n&rsquo;a pas \u00e9t\u00e9 entendu, en France: ce mardi 5 mai, l\u2019Assembl\u00e9e nationale fran\u00e7aise a vot\u00e9 le projet de loi controvers\u00e9 sur le renseignement qui donne au Premier ministre le pouvoir de surveiller massivement et sans contr\u00f4le judiciaire la population fran\u00e7aise.<\/p>\n<p>Ce texte, adopt\u00e9 dans le cadre d\u2019une proc\u00e9dure d\u2019urgence, soul\u00e8ve l\u2019opposition de nombreuses organisations civiles et professionnelles: les syndicats de journalistes SNJ et SNJ-CGT, la F\u00e9d\u00e9ration europ\u00e9enne des journalistes, la Ligue des Droits de l\u2019Homme, Amnesty International, le Syndicat de la magistrature, l\u2019Union syndicale des magistrats, le Syndicat des avocats, le D\u00e9fenseur des Droits, la Commission nationale Informatique et Libert\u00e9s&#8230;<\/p>\n<p>Le projet de loi vot\u00e9 mardi l\u00e9galise la pratique, par les services de renseignement, d\u2019une surveillance particuli\u00e8rement large et intrusive pour la vie priv\u00e9e des citoyens, sans r\u00e9el contre-pouvoir, y compris pour des objectifs de surveillance sans lien avec le terrorisme. En autorisant les \u00e9coutes t\u00e9l\u00e9phoniques et l&rsquo;interception des communications \u00e9lectroniques de tout citoyen, m\u00eame ceux qui n&rsquo;ont rien \u00e0 se reprocher, et en l\u00e9galisant les techniques \u00e9lectroniques de surveillance g\u00e9n\u00e9ralis\u00e9e, la France\u00a0compromet d\u00e9finitivement la protection des sources des journalistes. Le texte aura aussi un effet dissuasif \u00e9vident sur les lanceurs d&rsquo;alertes.<\/p>\n<p><em>\u00ab\u00a0Cette loi totalitaire fait reculer la libert\u00e9 de la presse en France. Les d\u00e9put\u00e9s qui ont vot\u00e9 ces dispositions autocratiques n&rsquo;ont manifestement pas vu le documentaire <a href=\"https:\/\/citizenfourfilm.com\/\">\u00ab\u00a0Citizenfour\u00a0\u00bb<\/a>, qui illustre \u00e0 quel point la surveillance de masse paratiqu\u00e9e par la NSA am\u00e9ricaine mine les fondements m\u00eames de nos d\u00e9mocraties<\/em>, r\u00e9agit Ricardo Guti\u00e9rrez, secr\u00e9taire g\u00e9n\u00e9ral de la FEJ. <em>Ils n&rsquo;ont pas lu le roman \u00ab\u00a01984\u00a0\u00bb, de George Orwell, ou en ont oubli\u00e9 les enseignements. On ne sacrifie pas les libert\u00e9s fondamentales sur l&rsquo;autel de la s\u00e9curit\u00e9 publique\u00a0\u00bb<\/em>.<\/p>\n<p>La F\u00e9d\u00e9ration europ\u00e9enne des journalistes et la F\u00e9d\u00e9ration internationale des journalistes ont d\u00e9nonc\u00e9 cette loi liberticide au Conseil de l&rsquo;Europe:<br \/>\nhttp:\/\/www.coe.int\/fr\/web\/media-freedom\/-\/france-legalizes-mass-surveillance-of-its-citizens<\/p>\n<p><em>(Cr\u00e9dit photo: Patrick Kamenka)<\/em><\/p>\n","protected":false},"excerpt":{"rendered":"<p>La F\u00e9d\u00e9ration europ\u00e9enne des journalistes (FEJ) soutient l&rsquo;appel lanc\u00e9 par ses affili\u00e9s fran\u00e7ais SNJ et SNJ-CGT et des dizaines d&rsquo;organisations professionnelle et civiles pour d\u00e9noncer l&rsquo;instauration d&rsquo;une surveillance g\u00e9n\u00e9ralis\u00e9e des citoyens, en France. Au lendemain des attentats de Paris, la FEJ avait appel\u00e9 les gouvernements\u00a0\u00e0 r\u00e9sister \u00e0 la tentation de nouvelles lois liberticides. L&rsquo;appel n&rsquo;a pas \u00e9t\u00e9 entendu, en France: ce mardi 5 mai, l\u2019Assembl\u00e9e nationale fran\u00e7aise a vot\u00e9 le projet de loi controvers\u00e9 sur le renseignement qui donne au Premier ministre le pouvoir de surveiller massivement et sans contr\u00f4le judiciaire la population fran\u00e7aise. Ce texte, adopt\u00e9 dans le cadre&hellip;<\/p>\n","protected":false},"author":5,"featured_media":2259,"comment_status":"open","ping_status":"open","sticky":false,"template":"","format":"standard","meta":{"footnotes":""},"categories":[7],"tags":[256,253,165,166],"class_list":["post-2255","post","type-post","status-publish","format-standard","has-post-thumbnail","hentry","category-press-freedom","tag-conseil-de-leurope","tag-france","tag-snj","tag-snj-cgt"],"_links":{"self":[{"href":"https:\/\/europeanjournalists.org\/fr\/wp-json\/wp\/v2\/posts\/2255","targetHints":{"allow":["GET"]}}],"collection":[{"href":"https:\/\/europeanjournalists.org\/fr\/wp-json\/wp\/v2\/posts"}],"about":[{"href":"https:\/\/europeanjournalists.org\/fr\/wp-json\/wp\/v2\/types\/post"}],"author":[{"embeddable":true,"href":"https:\/\/europeanjournalists.org\/fr\/wp-json\/wp\/v2\/users\/5"}],"replies":[{"embeddable":true,"href":"https:\/\/europeanjournalists.org\/fr\/wp-json\/wp\/v2\/comments?post=2255"}],"version-history":[{"count":2,"href":"https:\/\/europeanjournalists.org\/fr\/wp-json\/wp\/v2\/posts\/2255\/revisions"}],"predecessor-version":[{"id":2260,"href":"https:\/\/europeanjournalists.org\/fr\/wp-json\/wp\/v2\/posts\/2255\/revisions\/2260"}],"wp:featuredmedia":[{"embeddable":true,"href":"https:\/\/europeanjournalists.org\/fr\/wp-json\/wp\/v2\/media\/2259"}],"wp:attachment":[{"href":"https:\/\/europeanjournalists.org\/fr\/wp-json\/wp\/v2\/media?parent=2255"}],"wp:term":[{"taxonomy":"category","embeddable":true,"href":"https:\/\/europeanjournalists.org\/fr\/wp-json\/wp\/v2\/categories?post=2255"},{"taxonomy":"post_tag","embeddable":true,"href":"https:\/\/europeanjournalists.org\/fr\/wp-json\/wp\/v2\/tags?post=2255"}],"curies":[{"name":"wp","href":"https:\/\/api.w.org\/{rel}","templated":true}]}}