{"id":2504,"date":"2015-10-05T13:33:34","date_gmt":"2015-10-05T13:33:34","guid":{"rendered":"http:\/\/europeanjournalists.org\/fr\/?p=2504"},"modified":"2015-10-05T15:18:53","modified_gmt":"2015-10-05T15:18:53","slug":"bienvenue-a-bruxelles-m-erdogan","status":"publish","type":"post","link":"https:\/\/europeanjournalists.org\/fr\/2015\/10\/05\/bienvenue-a-bruxelles-m-erdogan\/","title":{"rendered":"Bienvenue \u00e0 Bruxelles, M. Erdo\u011fan"},"content":{"rendered":"<p>Le pr\u00e9sident de la r\u00e9publique de Turquie,\u00a0<strong>Recep Tayyip Erdo\u011fan<\/strong>, \u00e9tait re\u00e7u avec tous les honneurs au palais royal de Bruxelles, ce lundi matin. Apr\u00e8s l&rsquo;accueil chaleureux du Roi et de la Reine de Belgique et du Premier ministre <strong>Charles Michel<\/strong>, M.\u00a0Erdo\u011fan aura droit aux accolades du pr\u00e9sident de la Commission europ\u00e9enne, <strong>Jean-Claude Juncker<\/strong>, et du pr\u00e9sident du Conseil europ\u00e9en, <strong>Donald Tusk<\/strong>. Toutes celles et ceux qui lui souhaitent la bienvenue \u00e0 Bruxelles doivent savoir qu&rsquo;ils gratifient l&rsquo;un des pires fossoyeurs de la libert\u00e9 de la presse en Europe.<\/p>\n<p>En deux jours \u00e0 peine, les <strong>F\u00e9d\u00e9rations internationale et europ\u00e9enne des journalistes<\/strong>\u00a0(FIJ et FEJ) ont soumis cinq violations graves de la libert\u00e9 de la presse en Turquie \u00e0 la <a href=\"http:\/\/www.coe.int\/fr\/web\/media-freedom\/home\">Plateforme en ligne du Conseil de l&rsquo;Europe pour la s\u00e9curit\u00e9 des journalistes<\/a>. Depuis le lancement de la base de donn\u00e9es, voici six mois, la Turquie est le pays le plus sujet aux atteintes graves \u00e0 la libert\u00e9 de la presse, avec 29 signalements (sur un total de 82, pour les 47 pays membres du Conseil de l&rsquo;Europe).<\/p>\n<p>A ce jour, 21 journalistes sont toujours derri\u00e8res les barreaux en Turquie. Juste pour avoir fait leur m\u00e9tier. Et notre consoeur\u00a0<strong>Canan Co\u015fkun<\/strong>, du quotidien \u00ab\u00a0Cumhuriyet\u00a0\u00bb risque de les y rejoindre bient\u00f4t: elle encourt 23 ans de prison pour <em>\u00ab\u00a0insulte aux autorit\u00e9s publiques\u00a0\u00bb<\/em>&#8230;\u00a0Dimanche, un policier a point\u00e9 son arme sur la tempe d&rsquo;un cam\u00e9raman de la cha\u00eene\u00a0\u00d6zg\u00fcr G\u00fcn, <strong>Murat Demir<\/strong>.<\/p>\n<p>Les violations de la libert\u00e9 de la presse se multiplient \u00e0 mesure qu&rsquo;approchent les \u00e9lections l\u00e9gislatives turques. Le climat de censure atteint un tel degr\u00e9 que le pr\u00e9sident de la FIJ, <strong>Jim Boumelha<\/strong>, le pr\u00e9sident de la FEJ, <strong>Mogens Blicher Bjerreg\u00e5rd<\/strong>, et les secr\u00e9taires g\u00e9n\u00e9rales de la Conf\u00e9d\u00e9ration internationale des syndicats, <strong>Sharan Burrow,<\/strong><em><strong>\u00a0<\/strong><\/em>et de la Conf\u00e9d\u00e9ration europ\u00e9enne des syndicats, <strong>Bernadette S\u00e9gol<\/strong>, ont adress\u00e9 <a href=\"http:\/\/europeanjournalists.org\/blog\/2015\/09\/25\/turkey-our-letter-to-president-erdogan\/\">une lettre \u00e0 M. <\/a><strong><a href=\"http:\/\/europeanjournalists.org\/blog\/2015\/09\/25\/turkey-our-letter-to-president-erdogan\/\">Erdo\u011fan<\/a><\/strong>, le 25 septembre.<\/p>\n<p>Le pr\u00e9sident turc n&rsquo;y a toujours pas r\u00e9pondu&#8230;\u00a0Bienvenue \u00e0 Bruxelles, M. Erdo\u011fan.<\/p>\n<blockquote class=\"twitter-tweet\" width=\"550\">\n<p lang=\"fr\" dir=\"ltr\">21 journalistes en prison en Turquie. Bienvenue \u00e0 Bruxelles, M. Erdogan.&#10;<a href=\"http:\/\/t.co\/7sOE4k05hX\">http:\/\/t.co\/7sOE4k05hX<\/a>&#10;<a href=\"https:\/\/twitter.com\/hashtag\/EuropaliaTurkey?src=hash\">#EuropaliaTurkey<\/a><\/p>\n<p>&mdash; Ricardo Guti\u00e9rrez (@Molenews1) <a href=\"https:\/\/twitter.com\/Molenews1\/status\/650907743876960260\">October 5, 2015<\/a><\/p><\/blockquote>\n<p><script async src=\"\/\/platform.twitter.com\/widgets.js\" charset=\"utf-8\"><\/script><\/p>\n<blockquote class=\"twitter-tweet\" width=\"550\">\n<p lang=\"en\" dir=\"ltr\">21 journalists still in prison in <a href=\"https:\/\/twitter.com\/hashtag\/Turkey?src=hash\">#Turkey<\/a> &#10;Welcome to Brussels Mr Erdogan&#10;<a href=\"http:\/\/t.co\/7sOE4k05hX\">http:\/\/t.co\/7sOE4k05hX<\/a>&#10;<a href=\"https:\/\/twitter.com\/hashtag\/EuropaliaTurkey?src=hash\">#EuropaliaTurkey<\/a> <a href=\"https:\/\/twitter.com\/hashtag\/Europalia?src=hash\">#Europalia<\/a><\/p>\n<p>&mdash; Ricardo Guti\u00e9rrez (@Molenews1) <a href=\"https:\/\/twitter.com\/Molenews1\/status\/650916534488014848\">October 5, 2015<\/a><\/p><\/blockquote>\n<p><script async src=\"\/\/platform.twitter.com\/widgets.js\" charset=\"utf-8\"><\/script><\/p>\n<blockquote class=\"twitter-tweet\" width=\"550\">\n<p lang=\"en\" dir=\"ltr\">Journalist Mohammed Rasool still behind bars. &#10;Welcome to Brussels, Mr Erdogan.&#10;<a href=\"https:\/\/twitter.com\/hashtag\/EuropaliaTurkey?src=hash\">#EuropaliaTurkey<\/a> <a href=\"https:\/\/twitter.com\/hashtag\/FreeRasool?src=hash\">#FreeRasool<\/a>  <a href=\"https:\/\/t.co\/9P8JFhSjD4\">https:\/\/t.co\/9P8JFhSjD4<\/a><\/p>\n<p>&mdash; Ricardo Guti\u00e9rrez (@Molenews1) <a href=\"https:\/\/twitter.com\/Molenews1\/status\/650919308529410048\">October 5, 2015<\/a><\/p><\/blockquote>\n<p><script async src=\"\/\/platform.twitter.com\/widgets.js\" charset=\"utf-8\"><\/script><\/p>\n<blockquote class=\"twitter-tweet\" width=\"550\">\n<p lang=\"en\" dir=\"ltr\">Welcome to Brussels Mr Erdogan. Turkish journalist Canan Co\u015fkun faces 23 years in prison for alleged insult <a href=\"https:\/\/t.co\/r7Ts1VU0e8\">https:\/\/t.co\/r7Ts1VU0e8<\/a><\/p>\n<p>&mdash; Ricardo Guti\u00e9rrez (@Molenews1) <a href=\"https:\/\/twitter.com\/Molenews1\/status\/650952775241715712\">October 5, 2015<\/a><\/p><\/blockquote>\n<p><script async src=\"\/\/platform.twitter.com\/widgets.js\" charset=\"utf-8\"><\/script><\/p>\n<blockquote class=\"twitter-tweet\" width=\"550\">\n<p lang=\"en\" dir=\"ltr\">Turkey: video shows police putting gun on journalist\u2019s head&#10;Welcome to Brussels Mr Erdogan <a href=\"https:\/\/twitter.com\/hashtag\/EuropaliaTurkey?src=hash\">#EuropaliaTurkey<\/a> <a href=\"https:\/\/twitter.com\/hashtag\/Turkey?src=hash\">#Turkey<\/a>&#10;<a href=\"http:\/\/t.co\/7g3t54wDye\">http:\/\/t.co\/7g3t54wDye<\/a><\/p>\n<p>&mdash; Ricardo Guti\u00e9rrez (@Molenews1) <a href=\"https:\/\/twitter.com\/Molenews1\/status\/650994853824831488\">October 5, 2015<\/a><\/p><\/blockquote>\n<p><script async src=\"\/\/platform.twitter.com\/widgets.js\" charset=\"utf-8\"><\/script><\/p>\n<blockquote class=\"twitter-tweet\" width=\"550\">\n<p lang=\"de\" dir=\"ltr\">CoE Secretary General <a href=\"https:\/\/twitter.com\/TJagland\">@TJagland<\/a> condemns attack on H\u00fcrriyet journalist Ahmet Hakan&#10;Welcome to Brussels, Mr Erdogan&#10; <a href=\"http:\/\/t.co\/k2kIETCRtw\">http:\/\/t.co\/k2kIETCRtw<\/a><\/p>\n<p>&mdash; Ricardo Guti\u00e9rrez (@Molenews1) <a href=\"https:\/\/twitter.com\/Molenews1\/status\/650995662218219520\">October 5, 2015<\/a><\/p><\/blockquote>\n<p><script async src=\"\/\/platform.twitter.com\/widgets.js\" charset=\"utf-8\"><\/script><\/p>\n<blockquote class=\"twitter-tweet\" width=\"550\">\n<p lang=\"en\" dir=\"ltr\"><a href=\"https:\/\/twitter.com\/hashtag\/Turkey?src=hash\">#Turkey<\/a>: H\u00fcrriyet Journalist Ahmet Hakan threatened and attacked&#10;Welcome to Brussels, Mr Erdogan&#10;<a href=\"http:\/\/t.co\/ZGvJ29zlTj\">http:\/\/t.co\/ZGvJ29zlTj<\/a><\/p>\n<p>&mdash; Ricardo Guti\u00e9rrez (@Molenews1) <a href=\"https:\/\/twitter.com\/Molenews1\/status\/650996748106788864\">October 5, 2015<\/a><\/p><\/blockquote>\n<p><script async src=\"\/\/platform.twitter.com\/widgets.js\" charset=\"utf-8\"><\/script><\/p>\n<p><em>(Cr\u00e9dit photo: Emmanuel Dunand \/ AFP)<\/em><\/p>\n","protected":false},"excerpt":{"rendered":"<p>Le pr\u00e9sident de la r\u00e9publique de Turquie,\u00a0Recep Tayyip Erdo\u011fan, \u00e9tait re\u00e7u avec tous les honneurs au palais royal de Bruxelles, ce lundi matin. Apr\u00e8s l&rsquo;accueil chaleureux du Roi et de la Reine de Belgique et du Premier ministre Charles Michel, M.\u00a0Erdo\u011fan aura droit aux accolades du pr\u00e9sident de la Commission europ\u00e9enne, Jean-Claude Juncker, et du pr\u00e9sident du Conseil europ\u00e9en, Donald Tusk. Toutes celles et ceux qui lui souhaitent la bienvenue \u00e0 Bruxelles doivent savoir qu&rsquo;ils gratifient l&rsquo;un des pires fossoyeurs de la libert\u00e9 de la presse en Europe. En deux jours \u00e0 peine, les F\u00e9d\u00e9rations internationale et europ\u00e9enne des journalistes\u00a0(FIJ&hellip;<\/p>\n","protected":false},"author":5,"featured_media":2505,"comment_status":"open","ping_status":"open","sticky":false,"template":"","format":"standard","meta":{"footnotes":""},"categories":[7],"tags":[240,242],"class_list":["post-2504","post","type-post","status-publish","format-standard","has-post-thumbnail","hentry","category-press-freedom","tag-censure","tag-turquie"],"_links":{"self":[{"href":"https:\/\/europeanjournalists.org\/fr\/wp-json\/wp\/v2\/posts\/2504","targetHints":{"allow":["GET"]}}],"collection":[{"href":"https:\/\/europeanjournalists.org\/fr\/wp-json\/wp\/v2\/posts"}],"about":[{"href":"https:\/\/europeanjournalists.org\/fr\/wp-json\/wp\/v2\/types\/post"}],"author":[{"embeddable":true,"href":"https:\/\/europeanjournalists.org\/fr\/wp-json\/wp\/v2\/users\/5"}],"replies":[{"embeddable":true,"href":"https:\/\/europeanjournalists.org\/fr\/wp-json\/wp\/v2\/comments?post=2504"}],"version-history":[{"count":5,"href":"https:\/\/europeanjournalists.org\/fr\/wp-json\/wp\/v2\/posts\/2504\/revisions"}],"predecessor-version":[{"id":2515,"href":"https:\/\/europeanjournalists.org\/fr\/wp-json\/wp\/v2\/posts\/2504\/revisions\/2515"}],"wp:featuredmedia":[{"embeddable":true,"href":"https:\/\/europeanjournalists.org\/fr\/wp-json\/wp\/v2\/media\/2505"}],"wp:attachment":[{"href":"https:\/\/europeanjournalists.org\/fr\/wp-json\/wp\/v2\/media?parent=2504"}],"wp:term":[{"taxonomy":"category","embeddable":true,"href":"https:\/\/europeanjournalists.org\/fr\/wp-json\/wp\/v2\/categories?post=2504"},{"taxonomy":"post_tag","embeddable":true,"href":"https:\/\/europeanjournalists.org\/fr\/wp-json\/wp\/v2\/tags?post=2504"}],"curies":[{"name":"wp","href":"https:\/\/api.w.org\/{rel}","templated":true}]}}