{"id":2706,"date":"2015-11-04T11:49:54","date_gmt":"2015-11-04T11:49:54","guid":{"rendered":"http:\/\/europeanjournalists.org\/fr\/?p=2706"},"modified":"2015-11-09T23:51:51","modified_gmt":"2015-11-09T23:51:51","slug":"france-2-la-greve-des-jri-reconduite","status":"publish","type":"post","link":"https:\/\/europeanjournalists.org\/fr\/2015\/11\/04\/france-2-la-greve-des-jri-reconduite\/","title":{"rendered":"France 2: la gr\u00e8ve des JRI reconduite"},"content":{"rendered":"<p><strong>Mise \u00e0 jour (06.11.2015).<\/strong>\u00a0Fin de la gr\u00e8ve des JRI de France 2: la plupart de leurs revendications ayant \u00e9t\u00e9 rencontr\u00e9es, les journalistes reporters d&rsquo;images (JRI) de la t\u00e9l\u00e9vision publique fran\u00e7aise France 2 ont\u00a0vot\u00e9 \u00e0 l\u2019unanimit\u00e9 la fin de la gr\u00e8ve ce vendredi 6 novembre \u00e0 18 heures. Lire, <a href=\"http:\/\/www.snj.fr\/article\/fin-de-gr%C3%A8ve-des-jri-de-france-2-la-mobilisation-donne-des-r%C3%A9sultats-1750562432\">ici<\/a>, le communiqu\u00e9 du SNJ.<\/p>\n<p>&#8212;&#8212;&#8212;&#8212;&#8212;&#8212;&#8212;&#8212;&#8212;-<\/p>\n<p>Les journalistes reporters d&rsquo;images (JRI) de la t\u00e9l\u00e9vision publique fran\u00e7aise France 2 ont reconduit \u00e0 l&rsquo;unanimit\u00e9 la gr\u00e8ve du service pour ce mercredi 4 novembre.<\/p>\n<p>Le communiqu\u00e9 diffus\u00e9 par les\u00a0organisations syndicales\u00a0signataires du pr\u00e9avis (CFDT, CGT, SNJ, FO, CGC &#8211; le SNJ, le SNJ-CGT et la CFDT-Journalistes dont membres de la FEJ) pr\u00e9cise que <em>\u00ab\u00a0c&rsquo;est avec une certaine amertume\u00a0\u00bb<\/em> que les JRI constatent que durant le premier jour de gr\u00e8ve, aucune\u00a0invitation \u00e0 n\u00e9gocier de la part de la Direction n\u2019est parvenue aux syndicats.<\/p>\n<p><em>\u00ab\u00a0Une pratique tr\u00e8s inhabituelle. Si Delphine Ernotte, la nouvelle Pr\u00e9sidente de France\u00a0T\u00e9l\u00e9visions, est annonc\u00e9e comme une sp\u00e9cialiste du dialogue social, elle doit rapidement poser\u00a0des actes en accord avec cette r\u00e9putation et ne pas laisser les demandes l\u00e9gitimes des salari\u00e9s\u00a0sans r\u00e9ponses\u00a0\u00bb<\/em>.<\/p>\n<p><em>\u00ab\u00a0Aujourd&rsquo;hui, les n\u00e9gociateurs de la Direction nous annoncent que pour eux, il n&rsquo;y a plus rien \u00e0\u00a0discuter&#8230; nous indiquant clairement le chemin \u00e0 suivre, celui du 8\u00e8me \u00e9tage de France\u00a0T\u00e9l\u00e9visions, le bureau de Delphine Ernotte. Le d\u00e9p\u00f4t du pr\u00e9avis tr\u00e8s en amont, 3 semaines \u00e0\u00a0l&rsquo;avance, l&rsquo;implication de JRI non syndiqu\u00e9s aux c\u00f4t\u00e9s des syndicats dans les r\u00e9unions de\u00a0n\u00e9gociations, d\u00e9montrait une r\u00e9elle volont\u00e9 d&rsquo;\u00e9viter le conflit. Mais visiblement de l&rsquo;autre c\u00f4t\u00e9 de\u00a0la table, le message n&rsquo;a pas \u00e9t\u00e9 compris.\u00a0La Pr\u00e9sidente de France T\u00e9l\u00e9visions va-t-elle faire preuve de plus de discernement?\u00a0\u00bb<\/em><\/p>\n<p>Une assembl\u00e9e g\u00e9n\u00e9rale des journalistes est pr\u00e9vue ce mercredi 4 novembre, \u00e0 14 heures.<\/p>\n<p><em>(Cr\u00e9dit photo: DR)<\/em><\/p>\n","protected":false},"excerpt":{"rendered":"<p>Mise \u00e0 jour (06.11.2015).\u00a0Fin de la gr\u00e8ve des JRI de France 2: la plupart de leurs revendications ayant \u00e9t\u00e9 rencontr\u00e9es, les journalistes reporters d&rsquo;images (JRI) de la t\u00e9l\u00e9vision publique fran\u00e7aise France 2 ont\u00a0vot\u00e9 \u00e0 l\u2019unanimit\u00e9 la fin de la gr\u00e8ve ce vendredi 6 novembre \u00e0 18 heures. Lire, ici, le communiqu\u00e9 du SNJ. &#8212;&#8212;&#8212;&#8212;&#8212;&#8212;&#8212;&#8212;&#8212;- Les journalistes reporters d&rsquo;images (JRI) de la t\u00e9l\u00e9vision publique fran\u00e7aise France 2 ont reconduit \u00e0 l&rsquo;unanimit\u00e9 la gr\u00e8ve du service pour ce mercredi 4 novembre. Le communiqu\u00e9 diffus\u00e9 par les\u00a0organisations syndicales\u00a0signataires du pr\u00e9avis (CFDT, CGT, SNJ, FO, CGC &#8211; le SNJ, le SNJ-CGT et la CFDT-Journalistes&hellip;<\/p>\n","protected":false},"author":5,"featured_media":2708,"comment_status":"open","ping_status":"open","sticky":false,"template":"","format":"standard","meta":{"footnotes":""},"categories":[14,21],"tags":[43,253,338,339,165,166],"class_list":["post-2706","post","type-post","status-publish","format-standard","has-post-thumbnail","hentry","category-broadcasting","category-labour-rights","tag-cfdt-journalistes","tag-france","tag-france-2","tag-greve","tag-snj","tag-snj-cgt"],"_links":{"self":[{"href":"https:\/\/europeanjournalists.org\/fr\/wp-json\/wp\/v2\/posts\/2706","targetHints":{"allow":["GET"]}}],"collection":[{"href":"https:\/\/europeanjournalists.org\/fr\/wp-json\/wp\/v2\/posts"}],"about":[{"href":"https:\/\/europeanjournalists.org\/fr\/wp-json\/wp\/v2\/types\/post"}],"author":[{"embeddable":true,"href":"https:\/\/europeanjournalists.org\/fr\/wp-json\/wp\/v2\/users\/5"}],"replies":[{"embeddable":true,"href":"https:\/\/europeanjournalists.org\/fr\/wp-json\/wp\/v2\/comments?post=2706"}],"version-history":[{"count":4,"href":"https:\/\/europeanjournalists.org\/fr\/wp-json\/wp\/v2\/posts\/2706\/revisions"}],"predecessor-version":[{"id":2720,"href":"https:\/\/europeanjournalists.org\/fr\/wp-json\/wp\/v2\/posts\/2706\/revisions\/2720"}],"wp:featuredmedia":[{"embeddable":true,"href":"https:\/\/europeanjournalists.org\/fr\/wp-json\/wp\/v2\/media\/2708"}],"wp:attachment":[{"href":"https:\/\/europeanjournalists.org\/fr\/wp-json\/wp\/v2\/media?parent=2706"}],"wp:term":[{"taxonomy":"category","embeddable":true,"href":"https:\/\/europeanjournalists.org\/fr\/wp-json\/wp\/v2\/categories?post=2706"},{"taxonomy":"post_tag","embeddable":true,"href":"https:\/\/europeanjournalists.org\/fr\/wp-json\/wp\/v2\/tags?post=2706"}],"curies":[{"name":"wp","href":"https:\/\/api.w.org\/{rel}","templated":true}]}}