{"id":2710,"date":"2015-11-04T15:01:49","date_gmt":"2015-11-04T15:01:49","guid":{"rendered":"http:\/\/europeanjournalists.org\/fr\/?p=2710"},"modified":"2015-11-04T16:37:19","modified_gmt":"2015-11-04T16:37:19","slug":"turquie-deux-journalistes-incarceres-pour-incitation-a-la-revolte-armee","status":"publish","type":"post","link":"https:\/\/europeanjournalists.org\/fr\/2015\/11\/04\/turquie-deux-journalistes-incarceres-pour-incitation-a-la-revolte-armee\/","title":{"rendered":"Turquie: deux journalistes incarc\u00e9r\u00e9s pour \u00ab\u00a0incitation \u00e0 la r\u00e9volte arm\u00e9e\u00a0\u00bb"},"content":{"rendered":"<p>Un tribunal d\u2019Istanbul a inculp\u00e9 et \u00e9crou\u00e9, ce mardi 3 novembre, <strong>Cevheri G\u00fcven<\/strong> et <strong>Murat \u00c7apan<\/strong>, respectivement directeur de publication et r\u00e9dacteur en chef de l\u2019hebdomadaire <strong>Nokta<\/strong>.<\/p>\n<p>Leur incarc\u00e9ration, dans l\u2019attente du proc\u00e8s, est officiellement fond\u00e9e sur un chef d\u2019accusation particuli\u00e8rement grave : \u201cincitation \u00e0 la r\u00e9volte arm\u00e9e contre le gouvernement\u201d. Le dernier num\u00e9ro de Nokta titrait, en couverture : \u00ab Lundi 2 novembre, le d\u00e9but de la guerre civile en Turquie \u00bb. Les exemplaires encore disponibles de l\u2019hebdomadaire ont \u00e9t\u00e9 saisis par la police et le site internet de Nokta a \u00e9t\u00e9 bloqu\u00e9.<\/p>\n<p>Murat \u00c7apan faisait d\u00e9j\u00e0 l\u2019objet de poursuites pour \u201cinsulte envers le pr\u00e9sident de la R\u00e9publique\u201d et \u00ab propagande terroriste \u00bb, pour avoir publi\u00e9, le 14 septembre, une couverture de Nokta repr\u00e9sentant le pr\u00e9sident Erdogan en train de prendre un selfie \u00e0 c\u00f4t\u00e9 du cercueil d\u2019un soldat.<\/p>\n<p>La FIJ et la FEJ demandent la lib\u00e9ration\u00a0imm\u00e9diate de Cevheri G\u00fcven et Murat \u00c7apan. Leur cas sera signal\u00e9 sur la <a href=\"http:\/\/www.coe.int\/fr\/web\/media-freedom\/home\">Plateforme du Conseil de l&rsquo;Europe pour la protection du journalisme<\/a>.<\/p>\n<blockquote class=\"twitter-video\" lang=\"fr\">\n<p lang=\"en\" dir=\"ltr\">Even if everyone else is mute NOKTA will not remain silent! <a href=\"https:\/\/t.co\/R5i37DsvEb\">pic.twitter.com\/R5i37DsvEb<\/a><\/p>\n<p>&mdash; NOKTA (@noktadergi) <a href=\"https:\/\/twitter.com\/noktadergi\/status\/661936607017238528\">4 Novembre 2015<\/a><\/p><\/blockquote>\n<p><em>(Cr\u00e9dit photo et vid\u00e9o: Nokta)<\/em><\/p>\n<p>&nbsp;<\/p>\n","protected":false},"excerpt":{"rendered":"<p>Un tribunal d\u2019Istanbul a inculp\u00e9 et \u00e9crou\u00e9, ce mardi 3 novembre, Cevheri G\u00fcven et Murat \u00c7apan, respectivement directeur de publication et r\u00e9dacteur en chef de l\u2019hebdomadaire Nokta. Leur incarc\u00e9ration, dans l\u2019attente du proc\u00e8s, est officiellement fond\u00e9e sur un chef d\u2019accusation particuli\u00e8rement grave : \u201cincitation \u00e0 la r\u00e9volte arm\u00e9e contre le gouvernement\u201d. Le dernier num\u00e9ro de Nokta titrait, en couverture : \u00ab Lundi 2 novembre, le d\u00e9but de la guerre civile en Turquie \u00bb. Les exemplaires encore disponibles de l\u2019hebdomadaire ont \u00e9t\u00e9 saisis par la police et le site internet de Nokta a \u00e9t\u00e9 bloqu\u00e9. Murat \u00c7apan faisait d\u00e9j\u00e0 l\u2019objet de&hellip;<\/p>\n","protected":false},"author":5,"featured_media":2712,"comment_status":"open","ping_status":"open","sticky":false,"template":"","format":"standard","meta":{"footnotes":""},"categories":[7],"tags":[44,175,242],"class_list":["post-2710","post","type-post","status-publish","format-standard","has-post-thumbnail","hentry","category-press-freedom","tag-coe","tag-tgs","tag-turquie"],"_links":{"self":[{"href":"https:\/\/europeanjournalists.org\/fr\/wp-json\/wp\/v2\/posts\/2710","targetHints":{"allow":["GET"]}}],"collection":[{"href":"https:\/\/europeanjournalists.org\/fr\/wp-json\/wp\/v2\/posts"}],"about":[{"href":"https:\/\/europeanjournalists.org\/fr\/wp-json\/wp\/v2\/types\/post"}],"author":[{"embeddable":true,"href":"https:\/\/europeanjournalists.org\/fr\/wp-json\/wp\/v2\/users\/5"}],"replies":[{"embeddable":true,"href":"https:\/\/europeanjournalists.org\/fr\/wp-json\/wp\/v2\/comments?post=2710"}],"version-history":[{"count":6,"href":"https:\/\/europeanjournalists.org\/fr\/wp-json\/wp\/v2\/posts\/2710\/revisions"}],"predecessor-version":[{"id":2713,"href":"https:\/\/europeanjournalists.org\/fr\/wp-json\/wp\/v2\/posts\/2710\/revisions\/2713"}],"wp:featuredmedia":[{"embeddable":true,"href":"https:\/\/europeanjournalists.org\/fr\/wp-json\/wp\/v2\/media\/2712"}],"wp:attachment":[{"href":"https:\/\/europeanjournalists.org\/fr\/wp-json\/wp\/v2\/media?parent=2710"}],"wp:term":[{"taxonomy":"category","embeddable":true,"href":"https:\/\/europeanjournalists.org\/fr\/wp-json\/wp\/v2\/categories?post=2710"},{"taxonomy":"post_tag","embeddable":true,"href":"https:\/\/europeanjournalists.org\/fr\/wp-json\/wp\/v2\/tags?post=2710"}],"curies":[{"name":"wp","href":"https:\/\/api.w.org\/{rel}","templated":true}]}}