{"id":2809,"date":"2015-11-27T15:07:22","date_gmt":"2015-11-27T15:07:22","guid":{"rendered":"http:\/\/europeanjournalists.org\/fr\/?p=2809"},"modified":"2015-12-06T16:26:19","modified_gmt":"2015-12-06T16:26:19","slug":"la-fej-etait-au-forum-mondial-pour-la-democratie","status":"publish","type":"post","link":"https:\/\/europeanjournalists.org\/fr\/2015\/11\/27\/la-fej-etait-au-forum-mondial-pour-la-democratie\/","title":{"rendered":"La FEJ \u00e9tait au Forum mondial pour la d\u00e9mocratie"},"content":{"rendered":"<p>La vice-pr\u00e9sidente et le secr\u00e9taire g\u00e9n\u00e9ral de la F\u00e9d\u00e9ration europ\u00e9enne des journalistes (FEJ), <strong>Nadezhda Azhgikhina<\/strong> et\u00a0<strong>Ricardo Guti\u00e9rrez<\/strong>, ont particip\u00e9 au <a href=\"http:\/\/www.coe.int\/fr\/web\/world-forum-democracy\">Forum mondial pour la d\u00e9mocratie<\/a>, qui s&rsquo;est tenu du 18 au 20 novembre, \u00e0 Strasbourg, sur le th\u00e8me\u00a0\u201cLibert\u00e9 vs contr\u00f4le: pour une r\u00e9ponse d\u00e9mocratique\u201d.<\/p>\n<p>Nadezhda Azhgikhina a contribu\u00e9 au d\u00e9bat en pl\u00e9ni\u00e8re sur la pratique du journalisme dans un contexte de terreur. Elle a insist\u00e9 sur l&rsquo;engagement n\u00e9cessaire des journalistes \u00e0 <a href=\"https:\/\/t.co\/nqxUbEhHuU\">combattre le discours de haine<\/a>.<\/p>\n<blockquote class=\"twitter-tweet\" width=\"550\">\n<p lang=\"en\" dir=\"ltr\">The <a href=\"https:\/\/twitter.com\/EFJEUROPE\">@EFJEUROPE<\/a> vice-president Nadezhda Azhgikhina speaking now on journalism in terror context&#10;<a href=\"https:\/\/twitter.com\/hashtag\/CoE_WFD?src=hash\">#CoE_WFD<\/a> <a href=\"https:\/\/t.co\/CuO62UoM6o\">pic.twitter.com\/CuO62UoM6o<\/a><\/p>\n<p>&mdash; Ricardo Guti\u00e9rrez (@Molenews1) <a href=\"https:\/\/twitter.com\/Molenews1\/status\/667256582380589056\">November 19, 2015<\/a><\/p><\/blockquote>\n<p><script async src=\"\/\/platform.twitter.com\/widgets.js\" charset=\"utf-8\"><\/script><\/p>\n<p>Ricardo Guti\u00e9rrez\u00a0a pr\u00e9sent\u00e9, pour sa part, la <a href=\"http:\/\/www.coe.int\/fr\/web\/media-freedom\/home\">Plateforme du Conseil de l&rsquo;Europe pour la protection du journalisme<\/a>, dans le cadre de l&rsquo;<a href=\"http:\/\/www.coe.int\/fr\/web\/world-forum-democracy\/2015-lab-16-protection-of-journalists-and-media-freedom\">atelier consacr\u00e9 \u00e0 la libert\u00e9 de l&rsquo;information<\/a>.<\/p>\n<p>Voici l&rsquo;entretien qu&rsquo;il a accord\u00e9 \u00e0 <strong>Franseza Pardoe<\/strong>, au terme de sa pr\u00e9sentation:<\/p>\n<p><a href=\"http:\/\/tindeck.com\/listen\/kkngb\">http:\/\/tindeck.com\/listen\/kkngb<\/a><\/p>\n<p>Le podcast de l&rsquo;entretien est \u00e9galement disponible sur le blog du Conseil de l&rsquo;Europe: cliquez <a href=\"http:\/\/www.humanrightseurope.org\/2015\/11\/podcasts-franseza-pardoes-world-forum-for-democracy-viewpoints\/\">ici<\/a>.<\/p>\n<blockquote class=\"twitter-tweet\" width=\"550\">\n<p lang=\"en\" dir=\"ltr\"><a href=\"https:\/\/twitter.com\/Molenews1\">@Molenews1<\/a> presenting @ the World Democracy Forum the safety of journalists platform. <a href=\"https:\/\/t.co\/9iza8n0A1p\">pic.twitter.com\/9iza8n0A1p<\/a><\/p>\n<p>&mdash; CoE Media Freedom (@CoEMediaFreedom) <a href=\"https:\/\/twitter.com\/CoEMediaFreedom\/status\/667361247197794304\">November 19, 2015<\/a><\/p><\/blockquote>\n<p><script async src=\"\/\/platform.twitter.com\/widgets.js\" charset=\"utf-8\"><\/script><\/p>\n<blockquote class=\"twitter-tweet\" width=\"550\">\n<p lang=\"en\" dir=\"ltr\">.<a href=\"https:\/\/twitter.com\/Molenews1\">@Molenews1<\/a>: novelty of <a href=\"https:\/\/twitter.com\/CoEMediaFreedom\">@CoEMediaFreedom<\/a> platform on <a href=\"https:\/\/twitter.com\/hashtag\/SafetyOfJournalists?src=hash\">#SafetyOfJournalists<\/a> is follow-up by states on alerts <a href=\"https:\/\/twitter.com\/hashtag\/CoE_WFD?src=hash\">#CoE_WFD<\/a> <a href=\"https:\/\/t.co\/00Ujw4Fhth\">pic.twitter.com\/00Ujw4Fhth<\/a><\/p>\n<p>&mdash; Belgium in the CoE (@BELinCoE) <a href=\"https:\/\/twitter.com\/BELinCoE\/status\/667365105886216192\">November 19, 2015<\/a><\/p><\/blockquote>\n<p><script async src=\"\/\/platform.twitter.com\/widgets.js\" charset=\"utf-8\"><\/script><\/p>\n<p><em>(Cr\u00e9dit photo: Ricardo Guti\u00e9rrez)<\/em><\/p>\n","protected":false},"excerpt":{"rendered":"<p>La vice-pr\u00e9sidente et le secr\u00e9taire g\u00e9n\u00e9ral de la F\u00e9d\u00e9ration europ\u00e9enne des journalistes (FEJ), Nadezhda Azhgikhina et\u00a0Ricardo Guti\u00e9rrez, ont particip\u00e9 au Forum mondial pour la d\u00e9mocratie, qui s&rsquo;est tenu du 18 au 20 novembre, \u00e0 Strasbourg, sur le th\u00e8me\u00a0\u201cLibert\u00e9 vs contr\u00f4le: pour une r\u00e9ponse d\u00e9mocratique\u201d. Nadezhda Azhgikhina a contribu\u00e9 au d\u00e9bat en pl\u00e9ni\u00e8re sur la pratique du journalisme dans un contexte de terreur. Elle a insist\u00e9 sur l&rsquo;engagement n\u00e9cessaire des journalistes \u00e0 combattre le discours de haine. The @EFJEUROPE vice-president Nadezhda Azhgikhina speaking now on journalism in terror context&#10;#CoE_WFD pic.twitter.com\/CuO62UoM6o &mdash; Ricardo Guti\u00e9rrez (@Molenews1) November 19, 2015 Ricardo Guti\u00e9rrez\u00a0a pr\u00e9sent\u00e9, pour&hellip;<\/p>\n","protected":false},"author":5,"featured_media":2810,"comment_status":"open","ping_status":"open","sticky":false,"template":"","format":"standard","meta":{"footnotes":""},"categories":[18,7],"tags":[44,352,256],"class_list":["post-2809","post","type-post","status-publish","format-standard","has-post-thumbnail","hentry","category-ethics","category-press-freedom","tag-coe","tag-coemediafreedom","tag-conseil-de-leurope"],"_links":{"self":[{"href":"https:\/\/europeanjournalists.org\/fr\/wp-json\/wp\/v2\/posts\/2809","targetHints":{"allow":["GET"]}}],"collection":[{"href":"https:\/\/europeanjournalists.org\/fr\/wp-json\/wp\/v2\/posts"}],"about":[{"href":"https:\/\/europeanjournalists.org\/fr\/wp-json\/wp\/v2\/types\/post"}],"author":[{"embeddable":true,"href":"https:\/\/europeanjournalists.org\/fr\/wp-json\/wp\/v2\/users\/5"}],"replies":[{"embeddable":true,"href":"https:\/\/europeanjournalists.org\/fr\/wp-json\/wp\/v2\/comments?post=2809"}],"version-history":[{"count":5,"href":"https:\/\/europeanjournalists.org\/fr\/wp-json\/wp\/v2\/posts\/2809\/revisions"}],"predecessor-version":[{"id":2815,"href":"https:\/\/europeanjournalists.org\/fr\/wp-json\/wp\/v2\/posts\/2809\/revisions\/2815"}],"wp:featuredmedia":[{"embeddable":true,"href":"https:\/\/europeanjournalists.org\/fr\/wp-json\/wp\/v2\/media\/2810"}],"wp:attachment":[{"href":"https:\/\/europeanjournalists.org\/fr\/wp-json\/wp\/v2\/media?parent=2809"}],"wp:term":[{"taxonomy":"category","embeddable":true,"href":"https:\/\/europeanjournalists.org\/fr\/wp-json\/wp\/v2\/categories?post=2809"},{"taxonomy":"post_tag","embeddable":true,"href":"https:\/\/europeanjournalists.org\/fr\/wp-json\/wp\/v2\/tags?post=2809"}],"curies":[{"name":"wp","href":"https:\/\/api.w.org\/{rel}","templated":true}]}}