{"id":2898,"date":"2016-01-02T12:23:33","date_gmt":"2016-01-02T12:23:33","guid":{"rendered":"http:\/\/europeanjournalists.org\/fr\/?p=2879"},"modified":"2016-01-02T12:23:33","modified_gmt":"2016-01-02T12:23:33","slug":"41-journalistes-ont-passe-le-reveillon-en-prison-en-europe-2","status":"publish","type":"post","link":"https:\/\/europeanjournalists.org\/fr\/2016\/01\/02\/41-journalistes-ont-passe-le-reveillon-en-prison-en-europe-2\/","title":{"rendered":"39 journalistes ont pass\u00e9 le r\u00e9veillon en prison en Europe"},"content":{"rendered":"<p>La <strong>F\u00e9d\u00e9ration europ\u00e9enne des Journalistes<\/strong> (FEJ) appelle \u00e0 la lib\u00e9ration de tous les journalistes emprisonn\u00e9s en Europe. Selon le d\u00e9compte des affili\u00e9s nationaux de la FEJ, 39 journalistes ont pass\u00e9 le r\u00e9veillon de l&rsquo;an neuf en prison en Europe: 30 en Turquie, 8 in Azerba\u00efdjan et un en Russie.<\/p>\n<p>Avec ses affili\u00e9s en\u00a0<a href=\"http:\/\/europeanjournalists.org\/blog\/2014\/01\/14\/turkey\/\">Turquie<\/a>, <a href=\"http:\/\/europeanjournalists.org\/blog\/2014\/01\/14\/azerbaijan\/\">Azerba\u00efdjan<\/a>, et en\u00a0<a href=\"http:\/\/europeanjournalists.org\/blog\/2014\/01\/14\/russia\/\">Russie<\/a>, la FEJ et la F\u00e9d\u00e9ration internationale des Journalistes (FIJ) suivent de pr\u00e8s la situation des journalistes emprisonn\u00e9s en Europe. Tous sont en prison pour la seule raison d&rsquo;avoir fait leur travail.<\/p>\n<p>Aux c\u00f4t\u00e9s de la\u00a0<a href=\"http:\/\/www.csce.gov\/index.cfm?FuseAction=ContentRecords.ViewDetail&amp;ContentRecord_id=1196&amp;Region_id=0&amp;Issue_id=0&amp;ContentType=P&amp;ContentRecordType=P\">Commission de Helsinki<\/a>, la FEJ appelle \u00e0 nouveau les autorit\u00e9s de Turquie, d&rsquo;Azerba\u00efdjan et de Russie \u00e0 lib\u00e9rer ces journalistes.<\/p>\n<p>Nous ne les oublierons pas\u2026<\/p>\n<p><strong>Turquie<\/strong>\u00a0(suivez la campagne FIJ\/FEJ <a href=\"http:\/\/europeanjournalists.org\/campaigns\/turkey-set-journalists-free\/\">\u201cLib\u00e9rez les journalistes en Turquie\u201d<\/a>)<\/p>\n<ol>\n<li><a href=\"https:\/\/go.coe.int\/VV1nP\">Ali Konar<\/a>, 27 may 2010<\/li>\n<li>Beritan Can\u00f6zer, 19 d\u00e9cembre 2015<\/li>\n<li><a href=\"https:\/\/go.coe.int\/HL5Yz\">Can D\u00fcndar<\/a>, 27 novembre 2015<\/li>\n<li>Deniz Babir, 15 d\u00e9cembre 2015<\/li>\n<li><a href=\"https:\/\/go.coe.int\/XFdCd\">Erdal S\u00fcsem<\/a>, 1er f\u00e9vrier 2010<\/li>\n<li><a href=\"https:\/\/go.coe.int\/HL5Yz\">Erdem G\u00fcl<\/a>, 27 novembre 2015<\/li>\n<li><a href=\"https:\/\/go.coe.int\/AUlNy\">Erol Zavar<\/a>, 20 janvier 2007<\/li>\n<li>\u00d6zg\u00fcr Amed, 23 f\u00e9vrier 2015<\/li>\n<li>Ferhat \u00c7ift\u00e7i, 16 f\u00e9vrier 2011<\/li>\n<li>Gurbet \u00c7akar,<\/li>\n<li>G\u00fcltekin Avc\u0131, 20 septembre 2015<\/li>\n<li>Hamit Dilbahar, 13 f\u00e9vrier 2010<\/li>\n<li><a href=\"https:\/\/go.coe.int\/NF30u\">Hatice Duman<\/a>, 1er avril 2003<\/li>\n<li><a href=\"https:\/\/go.coe.int\/GH0HZ\">Hidayet Karaca<\/a>, 19 d\u00e9cembre 2014<\/li>\n<li>\u0130dris Y\u0131lmaz, 14 novembre 2015<\/li>\n<li>Kamuran Sunbat,<\/li>\n<li><a href=\"https:\/\/go.coe.int\/nWc8l\">Kenan Karavil<\/a>, 11 d\u00e9cembre 2009<\/li>\n<li>Mesut Aslan,<\/li>\n<li><a href=\"https:\/\/go.coe.int\/KzAEp\">Mehmet Baransu<\/a>, 2 mars 2015<\/li>\n<li>Mikail Barut, 29 ao\u00fbt 2012<\/li>\n<li><a href=\"https:\/\/go.coe.int\/PpTqk\">Miktat Alg\u00fcl<\/a>, 17 mai 2010<\/li>\n<li><a href=\"https:\/\/go.coe.int\/ue9SN\">Muhammed \u0130smail Rasool<\/a>, 27 ao\u00fbt 2015<\/li>\n<li><a href=\"https:\/\/go.coe.int\/NIqPo\">Mustafa G\u00f6k<\/a>, 1er f\u00e9vrier 2004<\/li>\n<li>Nuri Ye\u015fil, 27 mai 2010<\/li>\n<li>Sami Tunca, 17 septembre 2013<\/li>\n<li><a href=\"https:\/\/go.coe.int\/lZih7\">Seyithan Aky\u00fcz<\/a>, 11 d\u00e9cembre 2009<\/li>\n<li>\u015eahabettin Demir, 9 mai 2010<\/li>\n<li>Tahsin Sa\u011falt\u0131c\u0131, 5 juin 2015<\/li>\n<li>Y\u0131lmaz Kahraman<\/li>\n<li>Zeki Karaku\u015f<\/li>\n<\/ol>\n<p>&nbsp;<\/p>\n<p><strong>Azerba\u00efdjan<\/strong><\/p>\n<ol>\n<li><a href=\"https:\/\/go.coe.int\/wBATS\">Nijat Aliyev<\/a>, 20 mai 2012<\/li>\n<li><a href=\"https:\/\/go.coe.int\/atbfs\">Araz Guliyev<\/a>, 8 septembre 2012<\/li>\n<li><a href=\"https:\/\/go.coe.int\/ACKLg\">Parviz Hashimli<\/a>, 17 septembre 2013<\/li>\n<li><a href=\"https:\/\/go.coe.int\/q6JfW\">Seymur Hazi<\/a>, 29 ao\u00fbt 2014<\/li>\n<li><a href=\"http:\/\/europeanjournalists.org\/blog\/2015\/09\/01\/ifj-and-efj-condemn-outrageous-7-5-year-jail-sentence-for-azerbaijani-journalist-khadija-ismayilova\/\">Khadija Ismayilova<\/a>, 5 d\u00e9cembre 2014<\/li>\n<li><a href=\"https:\/\/go.coe.int\/F6cx2\">Hilal Mamedov<\/a>, 21 juin 2012<\/li>\n<li><a href=\"https:\/\/go.coe.int\/SsLhh\">Rauf Mirkadyrov<\/a>, 19 avril 2014<\/li>\n<li>Tofiq Yaqublu, 24 janvier 2013<\/li>\n<\/ol>\n<p>&nbsp;<\/p>\n<p><strong>Russie<\/strong><\/p>\n<ol>\n<li><a href=\"https:\/\/go.coe.int\/JD0ea\">Sergei Reznik<\/a>, 26 novembre 2013<\/li>\n<\/ol>\n<p>&nbsp;<\/p>\n<p><em>(Cr\u00e9dit photo: Ozan Kose \/ AFP)<\/em><\/p>\n<p>&nbsp;<\/p>\n<p>&nbsp;<\/p>\n<p>&nbsp;<\/p>\n<p>&nbsp;<\/p>\n<p>&nbsp;<\/p>\n","protected":false},"excerpt":{"rendered":"<p>La F\u00e9d\u00e9ration europ\u00e9enne des Journalistes (FEJ) appelle \u00e0 la lib\u00e9ration de tous les journalistes emprisonn\u00e9s en Europe. Selon le d\u00e9compte des affili\u00e9s nationaux de la FEJ, 39 journalistes ont pass\u00e9 le r\u00e9veillon de l&rsquo;an neuf en prison en Europe: 30 en Turquie, 8 in Azerba\u00efdjan et un en Russie. Avec ses affili\u00e9s en\u00a0Turquie, Azerba\u00efdjan, et en\u00a0Russie, la FEJ et la F\u00e9d\u00e9ration internationale des Journalistes (FIJ) suivent de pr\u00e8s la situation des journalistes emprisonn\u00e9s en Europe. Tous sont en prison pour la seule raison d&rsquo;avoir fait leur travail. Aux c\u00f4t\u00e9s de la\u00a0Commission de Helsinki, la FEJ appelle \u00e0 nouveau les autorit\u00e9s&hellip;<\/p>\n","protected":false},"author":5,"featured_media":2880,"comment_status":"open","ping_status":"open","sticky":false,"template":"","format":"standard","meta":{"footnotes":""},"categories":[7],"tags":[244,366,106,146,241,175,242],"class_list":["post-2898","post","type-post","status-publish","format-standard","has-post-thumbnail","hentry","category-press-freedom","tag-azerbaidjan","tag-journalistes-emprisonnes","tag-juhi","tag-ruj","tag-russie","tag-tgs","tag-turquie"],"_links":{"self":[{"href":"https:\/\/europeanjournalists.org\/fr\/wp-json\/wp\/v2\/posts\/2898","targetHints":{"allow":["GET"]}}],"collection":[{"href":"https:\/\/europeanjournalists.org\/fr\/wp-json\/wp\/v2\/posts"}],"about":[{"href":"https:\/\/europeanjournalists.org\/fr\/wp-json\/wp\/v2\/types\/post"}],"author":[{"embeddable":true,"href":"https:\/\/europeanjournalists.org\/fr\/wp-json\/wp\/v2\/users\/5"}],"replies":[{"embeddable":true,"href":"https:\/\/europeanjournalists.org\/fr\/wp-json\/wp\/v2\/comments?post=2898"}],"version-history":[{"count":0,"href":"https:\/\/europeanjournalists.org\/fr\/wp-json\/wp\/v2\/posts\/2898\/revisions"}],"wp:featuredmedia":[{"embeddable":true,"href":"https:\/\/europeanjournalists.org\/fr\/wp-json\/wp\/v2\/media\/2880"}],"wp:attachment":[{"href":"https:\/\/europeanjournalists.org\/fr\/wp-json\/wp\/v2\/media?parent=2898"}],"wp:term":[{"taxonomy":"category","embeddable":true,"href":"https:\/\/europeanjournalists.org\/fr\/wp-json\/wp\/v2\/categories?post=2898"},{"taxonomy":"post_tag","embeddable":true,"href":"https:\/\/europeanjournalists.org\/fr\/wp-json\/wp\/v2\/tags?post=2898"}],"curies":[{"name":"wp","href":"https:\/\/api.w.org\/{rel}","templated":true}]}}