{"id":3081,"date":"2016-06-09T20:58:46","date_gmt":"2016-06-09T20:58:46","guid":{"rendered":"http:\/\/europeanjournalists.org\/fr\/?p=3081"},"modified":"2016-06-12T08:53:05","modified_gmt":"2016-06-12T08:53:05","slug":"le-belge-philippe-leruth-elu-president-de-la-fij","status":"publish","type":"post","link":"https:\/\/europeanjournalists.org\/fr\/2016\/06\/09\/le-belge-philippe-leruth-elu-president-de-la-fij\/","title":{"rendered":"Le Belge Philippe Leruth \u00e9lu pr\u00e9sident de la FIJ"},"content":{"rendered":"<p>Le journaliste belge <strong>Philippe Leruth<\/strong>, candidat pr\u00e9sent\u00e9 par l&rsquo;<a href=\"http:\/\/europeanjournalists.org\/blog\/2014\/01\/14\/belgium\/\">AGJPB (AJP-VVJ)<\/a>, a \u00e9t\u00e9 \u00e9lu pr\u00e9sident de la F\u00e9d\u00e9ration internationale des journalistes (FIJ), ce jeudi, au congr\u00e8s d\u2019Angers qui, du 7 au 10 juin, rassemble plus de 300 d\u00e9l\u00e9gu\u00e9s repr\u00e9sentant les syndicats et associations de journalistes affili\u00e9s \u00e0 la FIJ, dans une centaine de pays.<\/p>\n<p>Philippe Leruth a \u00e9t\u00e9 vice-pr\u00e9sident de la <strong>F\u00e9d\u00e9ration europ\u00e9enne des journalistes<\/strong> (FEJ) de 2004 \u00e0 2013 et pr\u00e9sident de l&rsquo;AGJPB, de 1995 \u00e0 2005. Il est journaliste, depuis 38 ans,\u00a0\u00e0 la r\u00e9daction du quotidien r\u00e9gional francophone \u00ab\u00a0L&rsquo;Avenir\u00a0\u00bb, en Belgique.<\/p>\n<p>Philippe Leruth a bas\u00e9 sa candidature sur le projet d&rsquo;une F\u00e9d\u00e9ration internationale plus forte en mati\u00e8re de d\u00e9fense des conditions de travail des journalistes &#8211; une condition n\u00e9cessaire \u00e0 la libert\u00e9 de la presse dans le monde &#8211; mais aussi une FIJ plus transparente, a-t-il declar\u00e9, notamment en mati\u00e8re de finances.<\/p>\n<p>Philippe Leruth a r\u00e9colt\u00e9 168 suffrages sur les 329 votes \u00e9mis. Face \u00e0 lui, le candidat br\u00e9silien <strong>Celso Schroder<\/strong> a obtenu 161 voix.<\/p>\n<p>\u00ab\u00a0<em>Je ferai un seul mandat de trois ans car je veux laisser la place aux jeunes et aux femmes<\/em>\u00a0\u00bb, a d\u00e9clar\u00e9 Philippe Leruth qui, durant ces trois ann\u00e9es, entend donner des bases financi\u00e8res solides \u00e0 la FIJ. \u00ab<em>Une t\u00e2che lourde commence, car les attentes sont grandes mais la priorit\u00e9 est de refaire l\u2019unit\u00e9 de la FIJ<\/em>\u00bb, a-t-il ajout\u00e9. \u00ab\u00a0<em>Je vais m\u2019employer \u00e0 stabiliser la FIJ de mani\u00e8re \u00e0 ce qu\u2019elle puisse, \u00e0 l\u2019avenir, exercer ses missions de mani\u00e8re plus forte<\/em>\u00a0\u00bb.<\/p>\n<p>Le Marocain<strong> Younes Mjahed<\/strong> (<a href=\"http:\/\/www.ifj.org\/en\/members\/africa\/#c99\">SNPM<\/a>) est \u00e9lu au poste de premier vice-pr\u00e9sident, tandis que le pr\u00e9sident sortant, le Britannique <strong>Jim Boumelha<\/strong> (<a href=\"http:\/\/europeanjournalists.org\/blog\/2014\/01\/14\/great-britain\/\">NUJ<\/a>) est \u00e9lu au poste de tr\u00e9sorier, et l&rsquo;Allemand <strong>Joachim Kreibich<\/strong> (<a href=\"http:\/\/europeanjournalists.org\/blog\/2014\/01\/14\/germany\/\">DJU in ver.di<\/a>) au poste de vice-president. Les autres \u00e9lus europ\u00e9ens du Comit\u00e9 exc\u00e9utif de la FIJ sont: <strong>Paco Audije<\/strong> (189 voix, Espagne), <strong>Dominique Pradali\u00e9<\/strong> (183, France), <strong>Raffaelle Lorusso<\/strong> (178, Italie), <strong>Timur Shafir<\/strong> (142, Russie) et <strong>Jonas Nordling<\/strong> (107, Su\u00e8de).<\/p>\n<p>Outre ces \u00e9lections, le congr\u00e8s a \u00e9t\u00e9 marqu\u00e9 par les multiples menaces qui p\u00e8sent sur les journalistes un peu partout dans le monde. S&rsquo;agissant de l&rsquo;Europe, le congr\u00e8s de la FIJ a notamment \u00e9voqu\u00e9 <a href=\"http:\/\/europeanjournalists.org\/journalists-in-jail-europe\/\">les emprisonnements de journalistes en Turquie<\/a>, les mesures de s\u00e9curit\u00e9 adopt\u00e9es pour 15 journalistes italiens menac\u00e9s de mort par la mafia, etc.<\/p>\n<p><em>(Cr\u00e9dit photo: Ricardo Guti\u00e9rrez)<\/em><\/p>\n","protected":false},"excerpt":{"rendered":"<p>Le journaliste belge Philippe Leruth, candidat pr\u00e9sent\u00e9 par l&rsquo;AGJPB (AJP-VVJ), a \u00e9t\u00e9 \u00e9lu pr\u00e9sident de la F\u00e9d\u00e9ration internationale des journalistes (FIJ), ce jeudi, au congr\u00e8s d\u2019Angers qui, du 7 au 10 juin, rassemble plus de 300 d\u00e9l\u00e9gu\u00e9s repr\u00e9sentant les syndicats et associations de journalistes affili\u00e9s \u00e0 la FIJ, dans une centaine de pays. Philippe Leruth a \u00e9t\u00e9 vice-pr\u00e9sident de la F\u00e9d\u00e9ration europ\u00e9enne des journalistes (FEJ) de 2004 \u00e0 2013 et pr\u00e9sident de l&rsquo;AGJPB, de 1995 \u00e0 2005. Il est journaliste, depuis 38 ans,\u00a0\u00e0 la r\u00e9daction du quotidien r\u00e9gional francophone \u00ab\u00a0L&rsquo;Avenir\u00a0\u00bb, en Belgique. Philippe Leruth a bas\u00e9 sa candidature sur le&hellip;<\/p>\n","protected":false},"author":5,"featured_media":3084,"comment_status":"open","ping_status":"open","sticky":false,"template":"","format":"standard","meta":{"footnotes":""},"categories":[21,5,7],"tags":[27,28,285,212,127,189],"class_list":["post-3081","post","type-post","status-publish","format-standard","has-post-thumbnail","hentry","category-labour-rights","category-news","category-press-freedom","tag-agjpb","tag-ajp","tag-belgique","tag-fij","tag-nuj","tag-verdi"],"_links":{"self":[{"href":"https:\/\/europeanjournalists.org\/fr\/wp-json\/wp\/v2\/posts\/3081","targetHints":{"allow":["GET"]}}],"collection":[{"href":"https:\/\/europeanjournalists.org\/fr\/wp-json\/wp\/v2\/posts"}],"about":[{"href":"https:\/\/europeanjournalists.org\/fr\/wp-json\/wp\/v2\/types\/post"}],"author":[{"embeddable":true,"href":"https:\/\/europeanjournalists.org\/fr\/wp-json\/wp\/v2\/users\/5"}],"replies":[{"embeddable":true,"href":"https:\/\/europeanjournalists.org\/fr\/wp-json\/wp\/v2\/comments?post=3081"}],"version-history":[{"count":8,"href":"https:\/\/europeanjournalists.org\/fr\/wp-json\/wp\/v2\/posts\/3081\/revisions"}],"predecessor-version":[{"id":3091,"href":"https:\/\/europeanjournalists.org\/fr\/wp-json\/wp\/v2\/posts\/3081\/revisions\/3091"}],"wp:featuredmedia":[{"embeddable":true,"href":"https:\/\/europeanjournalists.org\/fr\/wp-json\/wp\/v2\/media\/3084"}],"wp:attachment":[{"href":"https:\/\/europeanjournalists.org\/fr\/wp-json\/wp\/v2\/media?parent=3081"}],"wp:term":[{"taxonomy":"category","embeddable":true,"href":"https:\/\/europeanjournalists.org\/fr\/wp-json\/wp\/v2\/categories?post=3081"},{"taxonomy":"post_tag","embeddable":true,"href":"https:\/\/europeanjournalists.org\/fr\/wp-json\/wp\/v2\/tags?post=3081"}],"curies":[{"name":"wp","href":"https:\/\/api.w.org\/{rel}","templated":true}]}}