{"id":3302,"date":"2016-09-28T09:25:28","date_gmt":"2016-09-28T09:25:28","guid":{"rendered":"http:\/\/europeanjournalists.org\/fr\/?p=3302"},"modified":"2016-09-28T09:53:22","modified_gmt":"2016-09-28T09:53:22","slug":"azerbaidjan-le-journaliste-gasimov-farahim-ilqar-licencie","status":"publish","type":"post","link":"https:\/\/europeanjournalists.org\/fr\/2016\/09\/28\/azerbaidjan-le-journaliste-gasimov-farahim-ilqar-licencie\/","title":{"rendered":"Azerba\u00efdjan : le journaliste Gasimov Farahim Ilqar licenci\u00e9"},"content":{"rendered":"<p>Le 27 septembre 2016, la F\u00e9d\u00e9ration europ\u00e9enne des journalistes (FEJ) a soumis<a href=\"https:\/\/go.coe.int\/N2vpX\"> l\u2019alerte suivante<\/a> \u00e0 la\u00a0<a href=\"http:\/\/www.coe.int\/fr\/web\/media-freedom\/home?p_p_auth=JWoJGjJS&amp;p_p_id=49&amp;p_p_lifecycle=1&amp;p_p_state=normal&amp;p_p_mode=view&amp;_49_struts_action=%2Fmy_sites%2Fview&amp;_49_groupId=9287595&amp;_49_privateLayout=false\">Plateforme pour renforcer la protection du journalisme et la s\u00e9curit\u00e9 des journalistes<\/a> du Conseil de l\u2019Europe :<\/p>\n<blockquote>\n<p class=\"fom-description\">Le journaliste azerba\u00efdjanais <strong>Gasimov Farahim Ilqar<\/strong>, travaillant pour un groupe de m\u00e9dias priv\u00e9s, a \u00e9t\u00e9 d\u00e9mis de ses fonctions le 12 septembre 2016 apr\u00e8s avoir publi\u00e9 une photo sur Facebook montrant le succ\u00e8s d&rsquo;un rassemblement organis\u00e9 par le Conseil National des Forces D\u00e9mocratiques, une organisation regroupant une partie des forces de l&rsquo;opposition du pays, qui avait \u00e9t\u00e9 interdit par le gouvernement. Les manifestants protestaient dans le cadre d&rsquo;un prochain r\u00e9f\u00e9rendum qui pourrait donner plus de pouvoirs et allonger le mandat du pr\u00e9sident azerba\u00efdjanais Ilham Aliyev.<\/p>\n<p>Le journaliste a dit \u00e0 la FIJ \/ FEJ que, le jour suivant la publication de la photo, il avait \u00e9t\u00e9 cong\u00e9di\u00e9 par Vusala Mahirgizi, chef du groupe de m\u00e9dias priv\u00e9s APA Holding. Selon Mahirgizi, l&rsquo;incident avait \u00e9t\u00e9 signal\u00e9 \u00e0 l&rsquo;Administration pr\u00e9sidentielle, la branche ex\u00e9cutive d\u2019Aliyev. Le journaliste a affirm\u00e9 avoir \u00e9t\u00e9 licenci\u00e9 sous la pression des autorit\u00e9s publiques. Gasimov Farahim Ilqar travaillait pour APA Holding depuis 2013.<\/p>\n<div id=\"fom-block-additional-information\" class=\"fom-block-additional-information\"><\/div>\n<\/blockquote>\n<p>&nbsp;<\/p>\n","protected":false},"excerpt":{"rendered":"<p>Le 27 septembre 2016, la F\u00e9d\u00e9ration europ\u00e9enne des journalistes (FEJ) a soumis l\u2019alerte suivante \u00e0 la\u00a0Plateforme pour renforcer la protection du journalisme et la s\u00e9curit\u00e9 des journalistes du Conseil de l\u2019Europe : Le journaliste azerba\u00efdjanais Gasimov Farahim Ilqar, travaillant pour un groupe de m\u00e9dias priv\u00e9s, a \u00e9t\u00e9 d\u00e9mis de ses fonctions le 12 septembre 2016 apr\u00e8s avoir publi\u00e9 une photo sur Facebook montrant le succ\u00e8s d&rsquo;un rassemblement organis\u00e9 par le Conseil National des Forces D\u00e9mocratiques, une organisation regroupant une partie des forces de l&rsquo;opposition du pays, qui avait \u00e9t\u00e9 interdit par le gouvernement. Les manifestants protestaient dans le cadre d&rsquo;un&hellip;<\/p>\n","protected":false},"author":1,"featured_media":3308,"comment_status":"open","ping_status":"open","sticky":false,"template":"","format":"standard","meta":{"footnotes":""},"categories":[7],"tags":[244],"class_list":["post-3302","post","type-post","status-publish","format-standard","has-post-thumbnail","hentry","category-press-freedom","tag-azerbaidjan"],"_links":{"self":[{"href":"https:\/\/europeanjournalists.org\/fr\/wp-json\/wp\/v2\/posts\/3302","targetHints":{"allow":["GET"]}}],"collection":[{"href":"https:\/\/europeanjournalists.org\/fr\/wp-json\/wp\/v2\/posts"}],"about":[{"href":"https:\/\/europeanjournalists.org\/fr\/wp-json\/wp\/v2\/types\/post"}],"author":[{"embeddable":true,"href":"https:\/\/europeanjournalists.org\/fr\/wp-json\/wp\/v2\/users\/1"}],"replies":[{"embeddable":true,"href":"https:\/\/europeanjournalists.org\/fr\/wp-json\/wp\/v2\/comments?post=3302"}],"version-history":[{"count":2,"href":"https:\/\/europeanjournalists.org\/fr\/wp-json\/wp\/v2\/posts\/3302\/revisions"}],"predecessor-version":[{"id":3309,"href":"https:\/\/europeanjournalists.org\/fr\/wp-json\/wp\/v2\/posts\/3302\/revisions\/3309"}],"wp:featuredmedia":[{"embeddable":true,"href":"https:\/\/europeanjournalists.org\/fr\/wp-json\/wp\/v2\/media\/3308"}],"wp:attachment":[{"href":"https:\/\/europeanjournalists.org\/fr\/wp-json\/wp\/v2\/media?parent=3302"}],"wp:term":[{"taxonomy":"category","embeddable":true,"href":"https:\/\/europeanjournalists.org\/fr\/wp-json\/wp\/v2\/categories?post=3302"},{"taxonomy":"post_tag","embeddable":true,"href":"https:\/\/europeanjournalists.org\/fr\/wp-json\/wp\/v2\/tags?post=3302"}],"curies":[{"name":"wp","href":"https:\/\/api.w.org\/{rel}","templated":true}]}}