{"id":3403,"date":"2016-11-12T12:26:44","date_gmt":"2016-11-12T12:26:44","guid":{"rendered":"http:\/\/europeanjournalists.org\/fr\/?p=3403"},"modified":"2016-11-13T23:27:55","modified_gmt":"2016-11-13T23:27:55","slug":"le-journaliste-francais-olivier-bertrand-arrete-en-turquie","status":"publish","type":"post","link":"https:\/\/europeanjournalists.org\/fr\/2016\/11\/12\/le-journaliste-francais-olivier-bertrand-arrete-en-turquie\/","title":{"rendered":"Le journaliste fran\u00e7ais Olivier Bertrand arr\u00eat\u00e9 en Turquie"},"content":{"rendered":"<p>Mise \u00e0 jour (13\/11\/2016):&nbsp;<\/p>\n<h2 class=\"taille_courante\"><span style=\"font-weight: normal\"><i>Le journaliste fran\u00e7ais Olivier Bertrand arr\u00eat\u00e9 vendredi par les autorit\u00e9s turques pendant un reportage \u00e0 Gaziantep, pr\u00e8s de la fronti\u00e8re syrienne, a \u00e9t\u00e9 remis en libert\u00e9 dimanche 13 novembre. Il est arriv\u00e9 \u00e0 Paris&nbsp;peu apr\u00e8s 22 h 30.<\/i><\/span><\/h2>\n<p>&#8212;&#8212;&#8212;<\/p>\n<p>Le journaliste fran\u00e7ais <strong>Olivier Bertrand<\/strong> a \u00e9t\u00e9 arr\u00eat\u00e9 vendredi 11 novembre \u00e0 Gaziantep (Turquie) o\u00f9 il \u00e9tait en reportage avec un photographe turc, lib\u00e9r\u00e9 depuis.<\/p>\n<p>Selon le m\u00e9dia en ligne <a href=\"https:\/\/lesjours.fr\/obsessions\/les-jours-c-quoi\/ep12-olivier\/#\"><em>Les Jours<\/em>,<\/a> pour lequel le journaliste&nbsp;travaillait, cette arrestation \u00ab\u00a0s\u2019inscrit dans le contexte de purges post-coup d\u2019\u00e9tat de juillet 2016, relat\u00e9 par Olivier Bertrand<i>.<\/i>\u00a0\u00bb Le journaliste \u00e9tait en reportage en&nbsp;Turquie depuis plus d&rsquo;un an pour&nbsp;la s\u00e9rie \u00ab\u00a0<a href=\"https:\/\/lesjours.fr\/obsessions\/la-charniere\">La charni\u00e8re<\/a>\u00ab\u00a0. Il \u00e9tait de retour dans le pays pour une deuxi\u00e8me saison<i>&nbsp;<\/i>consacr\u00e9e \u00e0 l\u2019apr\u00e8s coup d\u2019\u00e9tat.<\/p>\n<p>La F\u00e9d\u00e9ration europ\u00e9enne des journalistes (FEJ), la F\u00e9d\u00e9ration internationale des journalistes (FIJ) et leurs affili\u00e9s en France (SNJ, SNJ-CGT et CFDT-Journalistes) s&rsquo;associent \u00e0&nbsp;<em>Les Jours&nbsp;<\/em>pour exiger la lib\u00e9ration imm\u00e9diate d&rsquo;Olivier Bertrand.<\/p>\n<blockquote class=\"twitter-tweet\" data-width=\"550\">\n<p lang=\"fr\" dir=\"ltr\">La F\u00e9d\u00e9ration europ\u00e9enne des Journalistes s\u2019associe \u00e0 <a href=\"https:\/\/twitter.com\/Lesjoursfr\">@Lesjoursfr<\/a> pour exiger la lib\u00e9ration du journaliste <a href=\"https:\/\/twitter.com\/Ol_Bertrand\">@Ol_Bertrand<\/a>, arr\u00eat\u00e9 en Turquie<\/p>\n<p>&mdash; EFJ (@EFJEUROPE) <a href=\"https:\/\/twitter.com\/EFJEUROPE\/status\/797240586101293056\">November 12, 2016<\/a><\/p><\/blockquote>\n<p><script async src=\"\/\/platform.twitter.com\/widgets.js\" charset=\"utf-8\"><\/script><\/p>\n<p>D\u00e9but novembre, les autorit\u00e9s turques ont&nbsp;<a href=\"http:\/\/europeanjournalists.org\/fr\/2016\/11\/01\/turquie-nouvelle-vague-darrestations-ciblant-le-journal-cumhuriyet\/\">arr\u00eat\u00e9 et mis en d\u00e9tention pr\u00e9ventive<\/a> neuf journalistes&nbsp;du&nbsp;journal <em>Cumhuriyet<\/em>. Le pr\u00e9sident du directoire, <strong>Akin Atalay<\/strong>, a \u00e9galement \u00e9t\u00e9 plac\u00e9 en garde \u00e0 vue hier. Plus de <a href=\"http:\/\/europeanjournalists.org\/journalists-in-jail-europe\/\">110 journalistes<\/a> sont actuellement derri\u00e8re les barreaux en Turquie.<\/p>\n<p><em>Cr\u00e9dit photo: Les Jours<\/em><\/p>\n","protected":false},"excerpt":{"rendered":"<p>Mise \u00e0 jour (13\/11\/2016):&nbsp; Le journaliste fran\u00e7ais Olivier Bertrand arr\u00eat\u00e9 vendredi par les autorit\u00e9s turques pendant un reportage \u00e0 Gaziantep, pr\u00e8s de la fronti\u00e8re syrienne, a \u00e9t\u00e9 remis en libert\u00e9 dimanche 13 novembre. Il est arriv\u00e9 \u00e0 Paris&nbsp;peu apr\u00e8s 22 h 30. &#8212;&#8212;&#8212; Le journaliste fran\u00e7ais Olivier Bertrand a \u00e9t\u00e9 arr\u00eat\u00e9 vendredi 11 novembre \u00e0 Gaziantep (Turquie) o\u00f9 il \u00e9tait en reportage avec un photographe turc, lib\u00e9r\u00e9 depuis. Selon le m\u00e9dia en ligne Les Jours, pour lequel le journaliste&nbsp;travaillait, cette arrestation \u00ab\u00a0s\u2019inscrit dans le contexte de purges post-coup d\u2019\u00e9tat de juillet 2016, relat\u00e9 par Olivier Bertrand.\u00a0\u00bb Le journaliste \u00e9tait en&hellip;<\/p>\n","protected":false},"author":3,"featured_media":3408,"comment_status":"open","ping_status":"open","sticky":false,"template":"","format":"standard","meta":{"footnotes":""},"categories":[5,8],"tags":[212,165,242],"class_list":["post-3403","post","type-post","status-publish","format-standard","has-post-thumbnail","hentry","category-news","category-press-releases","tag-fij","tag-snj","tag-turquie"],"_links":{"self":[{"href":"https:\/\/europeanjournalists.org\/fr\/wp-json\/wp\/v2\/posts\/3403","targetHints":{"allow":["GET"]}}],"collection":[{"href":"https:\/\/europeanjournalists.org\/fr\/wp-json\/wp\/v2\/posts"}],"about":[{"href":"https:\/\/europeanjournalists.org\/fr\/wp-json\/wp\/v2\/types\/post"}],"author":[{"embeddable":true,"href":"https:\/\/europeanjournalists.org\/fr\/wp-json\/wp\/v2\/users\/3"}],"replies":[{"embeddable":true,"href":"https:\/\/europeanjournalists.org\/fr\/wp-json\/wp\/v2\/comments?post=3403"}],"version-history":[{"count":16,"href":"https:\/\/europeanjournalists.org\/fr\/wp-json\/wp\/v2\/posts\/3403\/revisions"}],"predecessor-version":[{"id":3420,"href":"https:\/\/europeanjournalists.org\/fr\/wp-json\/wp\/v2\/posts\/3403\/revisions\/3420"}],"wp:featuredmedia":[{"embeddable":true,"href":"https:\/\/europeanjournalists.org\/fr\/wp-json\/wp\/v2\/media\/3408"}],"wp:attachment":[{"href":"https:\/\/europeanjournalists.org\/fr\/wp-json\/wp\/v2\/media?parent=3403"}],"wp:term":[{"taxonomy":"category","embeddable":true,"href":"https:\/\/europeanjournalists.org\/fr\/wp-json\/wp\/v2\/categories?post=3403"},{"taxonomy":"post_tag","embeddable":true,"href":"https:\/\/europeanjournalists.org\/fr\/wp-json\/wp\/v2\/tags?post=3403"}],"curies":[{"name":"wp","href":"https:\/\/api.w.org\/{rel}","templated":true}]}}