{"id":3450,"date":"2016-12-06T15:22:56","date_gmt":"2016-12-06T15:22:56","guid":{"rendered":"http:\/\/europeanjournalists.org\/fr\/?p=3450"},"modified":"2016-12-08T09:14:13","modified_gmt":"2016-12-08T09:14:13","slug":"euronews-la-redaction-en-greve-contre-la-suppression-du-service-ukrainien","status":"publish","type":"post","link":"https:\/\/europeanjournalists.org\/fr\/2016\/12\/06\/euronews-la-redaction-en-greve-contre-la-suppression-du-service-ukrainien\/","title":{"rendered":"Euronews : la r\u00e9daction en gr\u00e8ve contre la suppression du service ukrainien"},"content":{"rendered":"<p>Une cinquantaine\u00a0de salari\u00e9s de la cha\u00eene de t\u00e9l\u00e9vision paneurop\u00e9enne Euronews \u00e9tait en gr\u00e8ve lundi 5 d\u00e9cembre de 13h \u00e0 17h pour d\u00e9noncer\u00a0la suppression du service ukrainien d&rsquo;ici quelques mois. Cette gr\u00e8ve intervient dans un climat social tendu alors que des \u00e9ch\u00e9ances cruciales approchent : les employ\u00e9s doivent\u00a0se prononcer\u00a0aujourd&rsquo;hui et demain sur une motion de d\u00e9fiance \u00e0 l&rsquo;encontre de la direction.<\/p>\n<p>La suppression du service ukrainien avait \u00e9t\u00e9 annonc\u00e9e en avril 2016 alors que les contrats des deux partenaires arrivaient \u00e0 \u00e9ch\u00e9ance. Dix-sept postes de journalistes devraient ainsi \u00eatre supprim\u00e9s. Dans une lettre ouverte publi\u00e9e sur Twitter, les employ\u00e9s\u00a0estiment que l&rsquo;entreprise n&rsquo;a pas fait du reclassement des journalistes sa\u00a0priorit\u00e9.\u00a0Il d\u00e9noncent \u00e9galement une d\u00e9cision qui pourrait avoir un impact important sur la couverture m\u00e9diatique du conflit entre l&rsquo;Ukraine et la Russie \u2013 le service russe restera un d\u00e9partement-cl\u00e9 de la r\u00e9daction.<\/p>\n<p>Par ailleurs, la menace plane \u00e9galement sur les salari\u00e9s des services persan et arabe.\u00a0Les programmes ne seront plus diffus\u00e9s \u00e0 l&rsquo;antenne, mais sur internet uniquement. Les journalistes craignent une r\u00e9duction des effectifs des deux services.<\/p>\n<blockquote class=\"twitter-tweet\" data-width=\"550\">\n<p lang=\"en\" dir=\"ltr\">100 <a href=\"https:\/\/twitter.com\/euronews\">@euronews<\/a> employees have striking today against Ukrainian Service cutting. I got open letter. <a href=\"https:\/\/twitter.com\/Molenews1\">@Molenews1<\/a> <a href=\"https:\/\/twitter.com\/Dunja_Mijatovic\">@Dunja_Mijatovic<\/a> <a href=\"https:\/\/t.co\/CjMRMGPjB0\">pic.twitter.com\/CjMRMGPjB0<\/a><\/p>\n<p>&mdash; Volodymyr Ariev (@VolodymyrAriev) <a href=\"https:\/\/twitter.com\/VolodymyrAriev\/status\/805845421079851009\">December 5, 2016<\/a><\/p><\/blockquote>\n<p><script async src=\"\/\/platform.twitter.com\/widgets.js\" charset=\"utf-8\"><\/script><\/p>\n<p>Ces revendications font \u00e9chos \u00e0 la motion de d\u00e9fiance d\u00e9cid\u00e9e fin novembre \u00e0 la suite du plan strat\u00e9gique Next \u00e9labor\u00e9 par la cha\u00eene. Euronews doit n\u00e9gocier l&rsquo;entr\u00e9e \u00e0 son\u00a0capital de la cha\u00eene am\u00e9ricaine NBC et ren\u00e9gocier la reconduction de la subvention de l&rsquo;Union Europ\u00e9enne. La cha\u00eene doit \u00e9galement g\u00e9rer un dossier social d\u00e9licat avec la suppression programm\u00e9e de 35 postes ainsi que\u00a0la restructuration de son mod\u00e8le, qui impliquerait la signature d&rsquo;un nouveau contrat de travail pour chaque journaliste.<\/p>\n<p>La F\u00e9d\u00e9ration europ\u00e9enne des journalistes (FEJ) tient \u00e0 apporter son soutien aux\u00a0salari\u00e9s d&rsquo;Euronews et \u00e0 r\u00e9affirmer son engagement en faveur du pluralisme des m\u00e9dias, ainsi que la n\u00e9cessit\u00e9 de pr\u00e9server les\u00a0sources d&rsquo;information en plusieurs langues.<\/p>\n<p><em>Cr\u00e9dit photo : Euronews<\/em><\/p>\n","protected":false},"excerpt":{"rendered":"<p>Une cinquantaine\u00a0de salari\u00e9s de la cha\u00eene de t\u00e9l\u00e9vision paneurop\u00e9enne Euronews \u00e9tait en gr\u00e8ve lundi 5 d\u00e9cembre de 13h \u00e0 17h pour d\u00e9noncer\u00a0la suppression du service ukrainien d&rsquo;ici quelques mois. Cette gr\u00e8ve intervient dans un climat social tendu alors que des \u00e9ch\u00e9ances cruciales approchent : les employ\u00e9s doivent\u00a0se prononcer\u00a0aujourd&rsquo;hui et demain sur une motion de d\u00e9fiance \u00e0 l&rsquo;encontre de la direction. La suppression du service ukrainien avait \u00e9t\u00e9 annonc\u00e9e en avril 2016 alors que les contrats des deux partenaires arrivaient \u00e0 \u00e9ch\u00e9ance. Dix-sept postes de journalistes devraient ainsi \u00eatre supprim\u00e9s. Dans une lettre ouverte publi\u00e9e sur Twitter, les employ\u00e9s\u00a0estiment que l&rsquo;entreprise&hellip;<\/p>\n","protected":false},"author":3,"featured_media":3472,"comment_status":"open","ping_status":"open","sticky":false,"template":"","format":"standard","meta":{"footnotes":""},"categories":[5],"tags":[420,339,421],"class_list":["post-3450","post","type-post","status-publish","format-standard","has-post-thumbnail","hentry","category-news","tag-euronews","tag-greve","tag-ukrainien"],"_links":{"self":[{"href":"https:\/\/europeanjournalists.org\/fr\/wp-json\/wp\/v2\/posts\/3450","targetHints":{"allow":["GET"]}}],"collection":[{"href":"https:\/\/europeanjournalists.org\/fr\/wp-json\/wp\/v2\/posts"}],"about":[{"href":"https:\/\/europeanjournalists.org\/fr\/wp-json\/wp\/v2\/types\/post"}],"author":[{"embeddable":true,"href":"https:\/\/europeanjournalists.org\/fr\/wp-json\/wp\/v2\/users\/3"}],"replies":[{"embeddable":true,"href":"https:\/\/europeanjournalists.org\/fr\/wp-json\/wp\/v2\/comments?post=3450"}],"version-history":[{"count":24,"href":"https:\/\/europeanjournalists.org\/fr\/wp-json\/wp\/v2\/posts\/3450\/revisions"}],"predecessor-version":[{"id":3476,"href":"https:\/\/europeanjournalists.org\/fr\/wp-json\/wp\/v2\/posts\/3450\/revisions\/3476"}],"wp:featuredmedia":[{"embeddable":true,"href":"https:\/\/europeanjournalists.org\/fr\/wp-json\/wp\/v2\/media\/3472"}],"wp:attachment":[{"href":"https:\/\/europeanjournalists.org\/fr\/wp-json\/wp\/v2\/media?parent=3450"}],"wp:term":[{"taxonomy":"category","embeddable":true,"href":"https:\/\/europeanjournalists.org\/fr\/wp-json\/wp\/v2\/categories?post=3450"},{"taxonomy":"post_tag","embeddable":true,"href":"https:\/\/europeanjournalists.org\/fr\/wp-json\/wp\/v2\/tags?post=3450"}],"curies":[{"name":"wp","href":"https:\/\/api.w.org\/{rel}","templated":true}]}}