{"id":3955,"date":"2017-09-05T14:41:40","date_gmt":"2017-09-05T14:41:40","guid":{"rendered":"http:\/\/europeanjournalists.org\/fr\/?p=3955"},"modified":"2017-11-07T13:29:01","modified_gmt":"2017-11-07T13:29:01","slug":"france-les-journalistes-elise-lucet-et-laurent-richard-poursuivis-par-lazerbaidjan-dans-un-proces-inedit","status":"publish","type":"post","link":"https:\/\/europeanjournalists.org\/fr\/2017\/09\/05\/france-les-journalistes-elise-lucet-et-laurent-richard-poursuivis-par-lazerbaidjan-dans-un-proces-inedit\/","title":{"rendered":"France: la FEJ soutient les journalistes Elise Lucet et Laurent Richard poursuivis par l&rsquo;Azerba\u00efdjan"},"content":{"rendered":"<p><strong><i>(Actualisation 07.11.17) La proc\u00e9dure en diffamation engag\u00e9e par\u00a0l&rsquo;Azerba\u00efdjan contre les journalistes Elise Lucet et Laurent Richard a \u00e9t\u00e9 jug\u00e9e irrecevable par le tribunal de Nanterre.\u00a0<\/i><\/strong><\/p>\n<p>La F\u00e9d\u00e9ration europ\u00e9enne des journalistes (FEJ) tient \u00e0 apporter tout son soutien aux journalistes de France2,\u00a0<strong>Laurent Richard<\/strong> et <strong>Elise Lucet,<\/strong>\u00a0dont le proc\u00e8s pour diffamation intent\u00e9 par l&rsquo;Etat d&rsquo;Azerba\u00efdjan commence ce mardi 5 septembre \u00e0 Nanterre (France).<\/p>\n<p>La plainte vise des propos tenus autour du reportage \u00ab\u00a0Mon pr\u00e9sident est en voyage d&rsquo;affaires\u00a0\u00bb diffus\u00e9 en septembre 2015 dans l&rsquo;\u00e9mission <em>Cash Investigation <\/em>sur la chaine publique France 2. Elise Lucet est poursuivie pour avoir pr\u00e9sent\u00e9 dans son lancement le r\u00e9gime d\u2019<strong>Ilham Aliyev<\/strong> comme l\u00a0\u00bbune des dictatures les plus f\u00e9roces du monde\u00a0\u00bb, tandis que l&rsquo;auteur Laurent Richard est poursuivi pour avoir qualifi\u00e9 le pays de \u00ab\u00a0dictature\u00a0\u00bb et son pr\u00e9sident de \u00ab\u00a0despote\u00a0\u00bb lors d&rsquo;une interview sur la radio France Info. Le reportage d&rsquo;une dur\u00e9e de 1h30 n&rsquo;est pas vis\u00e9 en tant que tel.<\/p>\n<p>Le caract\u00e8re in\u00e9dit du proc\u00e8s tient au fait que ce n&rsquo;est pas le pr\u00e9sident\u00a0Ilham Aliyev qui estime avoir \u00e9t\u00e9 diffam\u00e9, mais la personne morale que repr\u00e9sente l&rsquo;Etat d&rsquo;Azerba\u00efdjan.<\/p>\n<p>L&rsquo;enqu\u00eate portait sur les coulisses des voyages pr\u00e9sidentiels, notamment sur un d\u00e9placement du pr\u00e9sident Fran\u00e7ois Hollande en Azerba\u00efdjan et la diplomatie \u00e9conomique men\u00e9e par la France. Le reportage a par ailleurs re\u00e7u le Prix Scam de l\u2019investigation lors du FIGRA 2016.<\/p>\n<blockquote class=\"twitter-tweet\" data-width=\"550\">\n<p lang=\"fr\" dir=\"ltr\">Notre soutien total \u00e0 <a href=\"https:\/\/twitter.com\/EliseLucet?ref_src=twsrc%5Etfw\">@EliseLucet<\/a> et <a href=\"https:\/\/twitter.com\/laurentrichard0?ref_src=twsrc%5Etfw\">@laurentrichard0<\/a> dans le proc\u00e8s indigne auquel ils font face aujourd&#39;hui pour avoir fait leur travail<\/p>\n<p>&mdash; EFJ (@EFJEUROPE) <a href=\"https:\/\/twitter.com\/EFJEUROPE\/status\/904949027812384768?ref_src=twsrc%5Etfw\">September 5, 2017<\/a><\/p><\/blockquote>\n<p><script async src=\"https:\/\/platform.twitter.com\/widgets.js\" charset=\"utf-8\"><\/script><\/p>\n<p>Dans leur communiqu\u00e9, le <a href=\"http:\/\/www.snj.fr\/article\/un-proc\u00e8s-scandaleux-de-lazerba\u00efdjan-contre-else-lucet-et-laurent-richard-1573557969\">Syndicat National des Journalistes<\/a> et le <a href=\"https:\/\/snjcgt.fr\/2017\/09\/04\/le-snj-cgt-denonce-le-proces-fait-a-cash-investigation-par-lazerbaidjan\/\">SNJ-CGT<\/a>\u00a0ont apport\u00e9 leur soutien \u00e0 Elise Lucet et Laurent Richard, et se sont insurg\u00e9s contre \u00ab\u00a0ce proc\u00e8s scandaleux\u00a0\u00bb fait \u00e0 deux journalistes fran\u00e7ais, en France, par un pays \u00e9tranger qui entend d\u00e9fendre son &lsquo;droit moral&rsquo;.<\/p>\n<p><em>Cr\u00e9dit photo :\u00a0logo Cash Investigation<\/em><\/p>\n","protected":false},"excerpt":{"rendered":"<p>(Actualisation 07.11.17) La proc\u00e9dure en diffamation engag\u00e9e par\u00a0l&rsquo;Azerba\u00efdjan contre les journalistes Elise Lucet et Laurent Richard a \u00e9t\u00e9 jug\u00e9e irrecevable par le tribunal de Nanterre.\u00a0 La F\u00e9d\u00e9ration europ\u00e9enne des journalistes (FEJ) tient \u00e0 apporter tout son soutien aux journalistes de France2,\u00a0Laurent Richard et Elise Lucet,\u00a0dont le proc\u00e8s pour diffamation intent\u00e9 par l&rsquo;Etat d&rsquo;Azerba\u00efdjan commence ce mardi 5 septembre \u00e0 Nanterre (France). La plainte vise des propos tenus autour du reportage \u00ab\u00a0Mon pr\u00e9sident est en voyage d&rsquo;affaires\u00a0\u00bb diffus\u00e9 en septembre 2015 dans l&rsquo;\u00e9mission Cash Investigation sur la chaine publique France 2. Elise Lucet est poursuivie pour avoir pr\u00e9sent\u00e9 dans son lancement&hellip;<\/p>\n","protected":false},"author":6,"featured_media":3972,"comment_status":"open","ping_status":"open","sticky":false,"template":"","format":"standard","meta":{"footnotes":""},"categories":[5],"tags":[244,253,338,353],"class_list":["post-3955","post","type-post","status-publish","format-standard","has-post-thumbnail","hentry","category-news","tag-azerbaidjan","tag-france","tag-france-2","tag-journalisme-dinvestigation"],"_links":{"self":[{"href":"https:\/\/europeanjournalists.org\/fr\/wp-json\/wp\/v2\/posts\/3955","targetHints":{"allow":["GET"]}}],"collection":[{"href":"https:\/\/europeanjournalists.org\/fr\/wp-json\/wp\/v2\/posts"}],"about":[{"href":"https:\/\/europeanjournalists.org\/fr\/wp-json\/wp\/v2\/types\/post"}],"author":[{"embeddable":true,"href":"https:\/\/europeanjournalists.org\/fr\/wp-json\/wp\/v2\/users\/6"}],"replies":[{"embeddable":true,"href":"https:\/\/europeanjournalists.org\/fr\/wp-json\/wp\/v2\/comments?post=3955"}],"version-history":[{"count":24,"href":"https:\/\/europeanjournalists.org\/fr\/wp-json\/wp\/v2\/posts\/3955\/revisions"}],"predecessor-version":[{"id":4072,"href":"https:\/\/europeanjournalists.org\/fr\/wp-json\/wp\/v2\/posts\/3955\/revisions\/4072"}],"wp:featuredmedia":[{"embeddable":true,"href":"https:\/\/europeanjournalists.org\/fr\/wp-json\/wp\/v2\/media\/3972"}],"wp:attachment":[{"href":"https:\/\/europeanjournalists.org\/fr\/wp-json\/wp\/v2\/media?parent=3955"}],"wp:term":[{"taxonomy":"category","embeddable":true,"href":"https:\/\/europeanjournalists.org\/fr\/wp-json\/wp\/v2\/categories?post=3955"},{"taxonomy":"post_tag","embeddable":true,"href":"https:\/\/europeanjournalists.org\/fr\/wp-json\/wp\/v2\/tags?post=3955"}],"curies":[{"name":"wp","href":"https:\/\/api.w.org\/{rel}","templated":true}]}}