{"id":4050,"date":"2017-10-20T11:29:00","date_gmt":"2017-10-20T11:29:00","guid":{"rendered":"http:\/\/europeanjournalists.org\/fr\/?p=4050"},"modified":"2017-10-20T13:28:02","modified_gmt":"2017-10-20T13:28:02","slug":"catalogne-appel-au-respect-de-la-deontologie-journalistique","status":"publish","type":"post","link":"https:\/\/europeanjournalists.org\/fr\/2017\/10\/20\/catalogne-appel-au-respect-de-la-deontologie-journalistique\/","title":{"rendered":"Catalogne: appel au respect de la d\u00e9ontologie journalistique"},"content":{"rendered":"<p>La <strong>F\u00e9d\u00e9ration europ\u00e9enne des Journalistes<\/strong> (FEJ) s&rsquo;associe au <a href=\"http:\/\/sindicatperiodistes.cat\/\"><strong>Syndicat des Journalistes de Catalogne<\/strong><\/a> (SPC, membre de la FeSP) pour lancer un nouvel appel aux m\u00e9dias, tant publics que priv\u00e9s, \u00e0 respecter pleinement la d\u00e9ontologie professionnelle dans le cadre de la couverture des \u00e9v\u00e9nements en Catalogne.<\/p>\n<p>La FEJ et le SPC rappellent que l&rsquo;imp\u00e9ratif professionnel de respect de la v\u00e9rit\u00e9 prime sur les lignes \u00e9ditoriales et les positionnements politiques. Le\u00a0<a href=\"http:\/\/www.ifj.org\/fr\/la-fij\/code-de-principe-de-la-fij-sur-la-conduite-des-journalistes\/\">Code de Principes de la FIJ sur la Conduite des Journalistes<\/a> l&rsquo;affirme clairement, en son premier article: <em>\u00ab\u00a0Respecter la v\u00e9rit\u00e9 et le droit que le public a de la conna\u00eetre constitue le devoir primordial du journaliste\u00a0\u00bb<\/em>. Les citoyens ont droit \u00e0 une information v\u00e9ridique, de qualit\u00e9 et pluraliste.<\/p>\n<p><em>\u00ab\u00a0Le droit d&rsquo;acc\u00e8s \u00e0 l&rsquo;information est un droit fondamental garanti par la Convention europ\u00e9enne des droits de l&rsquo;homme\u00a0\u00bb<\/em>, rappelle le secr\u00e9taire g\u00e9n\u00e9ral de la FEJ, <strong>Ricardo Guti\u00e9rrez<\/strong>. <em>\u00ab\u00a0Seule une information pluraliste et honn\u00eate permet de garantir ce droit \u00e0 l&rsquo;information\u00a0\u00bb<\/em>.<\/p>\n<p>FEJ et SPC partagent la conviction qu&rsquo;il est tout \u00e0 fait l\u00e9gitime, pour un m\u00e9dia ou un journaliste, d&rsquo;exprimer ses opinions et de s&rsquo;inscrire dans une ligne \u00e9ditoriale particuli\u00e8re, mais qu&rsquo;il ne faut pas pour autant mentir, manipuler les faits ou d\u00e9former la r\u00e9alit\u00e9.<\/p>\n<p>Les deux organisations rappellent par ailleurs que les m\u00e9dias publics ont la responsabilit\u00e9 sp\u00e9cifique de respecter le pluralisme des id\u00e9es et d&rsquo;\u00eatre au service des citoyens. Pas au service du gouvernement.<\/p>\n<p>FEJ et SPC demandent aux journalistes qui feraient face \u00e0 des pressions politiques ou manag\u00e9riales de les d\u00e9noncer aupr\u00e8s de leurs organisations repr\u00e9sentatives.<\/p>\n<p>FEJ et SPC demandent par ailleurs \u00e0 l&rsquo;Union europ\u00e9enne d&rsquo;appeler les autorit\u00e9s publiques espagnoles et catalanes \u00e0 engager un r\u00e9el dialogue politique, en vue d&rsquo;\u00e9viter toutes nouvelles <a href=\"http:\/\/europeanjournalists.org\/fr\/2017\/10\/04\/catalogne-la-fej-et-la-fij-appellent-au-respect-des-journalistes\/\">manifestations de violence<\/a>.<\/p>\n<p>De retour d&rsquo;une mission \u00e0 Barcelone, mercredi et jeudi, Ricardo Guti\u00e9rrez, qui a eu l&rsquo;opportunit\u00e9 de d\u00e9battre de la situation avec plusieurs syndicalistes, journalistes et repr\u00e9sentants de la soci\u00e9t\u00e9 civile,\u00a0se d\u00e9clare inquiet par l&rsquo;escalade de provocations politiques, de part et d&rsquo;autre, et de leur impact sur les m\u00e9dias: <em>\u00ab\u00a0Une guerre de l&rsquo;information fait rage \u00e0 Madrid et \u00e0 Barcelone. La situation n&rsquo;est pas sans rappeler la manipulation de l&rsquo;information dans les m\u00e9dias russes et ukrainiens, au plus fort de la crise ukrainienne. J&rsquo;ai notamment \u00e9t\u00e9 frapp\u00e9 par le manque de transparence total des autorit\u00e9s catalanes sur les victimes de la r\u00e9pressioin polici\u00e8re du r\u00e9f\u00e9rendum, de m\u00eame que par la couverture complaisante, par certains m\u00e9dias, de l&rsquo;inacceptable arrestation de deux dirigeants ind\u00e9pendantistes pour pr\u00e9tendue \u00ab\u00a0s\u00e9dition\u00a0\u00bb.\u00a0Les journalistes ne sont pas des soldats de l&rsquo;information! Nous saluons toutes celles et tous ceux qui arrivent \u00e0 garder le cap d\u00e9ontologique dans ce contexte de manipulation et de polarisation extr\u00eame\u00a0\u00bb<\/em>.<\/p>\n<p>Version espagnole: <a href=\"http:\/\/www.sindicatperiodistes.cat\/es\/content\/la-fep-hace-un-llamamiento-los-medios-respetar-la-deontolog%C3%ADa-profesional\">ici<\/a>.<\/p>\n<p><em>Cr\u00e9dit photo:\u00a0Pau Barrena \/ AFP.<\/em><\/p>\n","protected":false},"excerpt":{"rendered":"<p>La F\u00e9d\u00e9ration europ\u00e9enne des Journalistes (FEJ) s&rsquo;associe au Syndicat des Journalistes de Catalogne (SPC, membre de la FeSP) pour lancer un nouvel appel aux m\u00e9dias, tant publics que priv\u00e9s, \u00e0 respecter pleinement la d\u00e9ontologie professionnelle dans le cadre de la couverture des \u00e9v\u00e9nements en Catalogne. La FEJ et le SPC rappellent que l&rsquo;imp\u00e9ratif professionnel de respect de la v\u00e9rit\u00e9 prime sur les lignes \u00e9ditoriales et les positionnements politiques. Le\u00a0Code de Principes de la FIJ sur la Conduite des Journalistes l&rsquo;affirme clairement, en son premier article: \u00ab\u00a0Respecter la v\u00e9rit\u00e9 et le droit que le public a de la conna\u00eetre constitue le&hellip;<\/p>\n","protected":false},"author":5,"featured_media":4052,"comment_status":"open","ping_status":"open","sticky":false,"template":"","format":"standard","meta":{"footnotes":""},"categories":[5],"tags":[217,239,84,416],"class_list":["post-4050","post","type-post","status-publish","format-standard","has-post-thumbnail","hentry","category-news","tag-deontologie","tag-espagne","tag-fesp","tag-spc"],"_links":{"self":[{"href":"https:\/\/europeanjournalists.org\/fr\/wp-json\/wp\/v2\/posts\/4050","targetHints":{"allow":["GET"]}}],"collection":[{"href":"https:\/\/europeanjournalists.org\/fr\/wp-json\/wp\/v2\/posts"}],"about":[{"href":"https:\/\/europeanjournalists.org\/fr\/wp-json\/wp\/v2\/types\/post"}],"author":[{"embeddable":true,"href":"https:\/\/europeanjournalists.org\/fr\/wp-json\/wp\/v2\/users\/5"}],"replies":[{"embeddable":true,"href":"https:\/\/europeanjournalists.org\/fr\/wp-json\/wp\/v2\/comments?post=4050"}],"version-history":[{"count":5,"href":"https:\/\/europeanjournalists.org\/fr\/wp-json\/wp\/v2\/posts\/4050\/revisions"}],"predecessor-version":[{"id":4056,"href":"https:\/\/europeanjournalists.org\/fr\/wp-json\/wp\/v2\/posts\/4050\/revisions\/4056"}],"wp:featuredmedia":[{"embeddable":true,"href":"https:\/\/europeanjournalists.org\/fr\/wp-json\/wp\/v2\/media\/4052"}],"wp:attachment":[{"href":"https:\/\/europeanjournalists.org\/fr\/wp-json\/wp\/v2\/media?parent=4050"}],"wp:term":[{"taxonomy":"category","embeddable":true,"href":"https:\/\/europeanjournalists.org\/fr\/wp-json\/wp\/v2\/categories?post=4050"},{"taxonomy":"post_tag","embeddable":true,"href":"https:\/\/europeanjournalists.org\/fr\/wp-json\/wp\/v2\/tags?post=4050"}],"curies":[{"name":"wp","href":"https:\/\/api.w.org\/{rel}","templated":true}]}}