{"id":4927,"date":"2020-11-04T15:27:29","date_gmt":"2020-11-04T15:27:29","guid":{"rendered":"https:\/\/europeanjournalists.org\/fr\/?p=4927"},"modified":"2020-11-04T15:27:29","modified_gmt":"2020-11-04T15:27:29","slug":"france-les-journalistes-ont-le-droit-de-rendre-compte-du-travail-des-forces-de-police","status":"publish","type":"post","link":"https:\/\/europeanjournalists.org\/fr\/2020\/11\/04\/france-les-journalistes-ont-le-droit-de-rendre-compte-du-travail-des-forces-de-police\/","title":{"rendered":"France: les journalistes ont le droit de rendre compte du travail des forces de police"},"content":{"rendered":"<p>La commission des Lois de l\u2019Assembl\u00e9e nationale fran\u00e7aise poursuit ce 4 novembre l\u2019examen de la <a href=\"http:\/\/www.assemblee-nationale.fr\/dyn\/15\/textes\/l15b3452_proposition-loi#tocUniqueId29\">proposition de loi relative \u00e0 la \u00ab s\u00e9curit\u00e9 globale \u00bb<\/a>. L&rsquo;article 24 du texte interdit la diffusion publique d\u2019images ou de vid\u00e9os de policiers ou de gendarmes en exercice. L&rsquo;Assembl\u00e9e g\u00e9n\u00e9rale annuelle de la F\u00e9d\u00e9ration Europ\u00e9enne des Journalistes (FEJ), r\u00e9unie en ligne, ce 3 novembre, a d\u00e9nonc\u00e9 cette violation de la libert\u00e9 de la presse.<\/p>\n<p>Initi\u00e9e par six d\u00e9put\u00e9s, dont Jean-Michel Fauvergue, ancien commissaire de police, cette proposition de loi a \u00e9t\u00e9 engag\u00e9e sous \u00ab proc\u00e9dure acc\u00e9l\u00e9r\u00e9e \u00bb le 26 octobre.<\/p>\n<p>Ce mardi 3 novembre, <a href=\"https:\/\/snjcgt.fr\/2020\/11\/03\/le-droit-des-journalistes-de-rendre-compte-du-travail-des-forces-de-police\/\">sur proposition du <strong>SNJ-CGT<\/strong><\/a>, les d\u00e9l\u00e9gu\u00e9s de 53 syndicats et associations de journalistes dans 38 pays d&rsquo;Europe ont adopt\u00e9 la d\u00e9claration suivante, qui demande aux autorit\u00e9s fran\u00e7aise le retrait pur et simple de l&rsquo;article 24 de la proposition de loi:<\/p>\n<p>En France, le gouvernement veut interdire la diffusion d\u2019images des fonctionnaires des forces de l\u2019ordre sur les r\u00e9seaux sociaux, et pour cela il compte modifier la loi sur la libert\u00e9 de la presse, de 1881.<\/p>\n<p>Plusieurs d\u00e9put\u00e9s de la majorit\u00e9, dont l\u2019ancien ministre de l\u2019Int\u00e9rieur, <strong>Christophe Castaner<\/strong>, ont d\u00e9pos\u00e9 en France une proposition de loi relative \u00e0 la \u00ab s\u00e9curit\u00e9 globale \u00bb, qui attire toute notre attention.<\/p>\n<p>Dans des d\u00e9clarations \u00e0 la presse et dans une audition \u00e0 l\u2019Assembl\u00e9e nationale, ce lundi 2 novembre, l\u2019actuel ministre de l\u2019Int\u00e9rieur, <strong>G\u00e9rald Darmanin<\/strong>, a confirm\u00e9 que cette proposition de loi \u00e9tait r\u00e9alis\u00e9e en \u00ab parfaite collaboration avec le gouvernement \u00bb dans le but de \u00ab renforcer la police \u00bb. Le ministre a soulign\u00e9 qu\u2019il avait promis \u00ab de ne plus pouvoir diffuser les images de policiers et gendarmes sur les r\u00e9seaux sociaux \u00bb.<\/p>\n<p>Cette proposition de loi pr\u00e9voit notamment ceci :<\/p>\n<p><em>\u00ab Est puni d\u2019un an d\u2019emprisonnement et de 45.000 euros d\u2019amende le fait de diffuser, par quelque moyen que ce soit et quel qu\u2019en soit le support, dans le but qu\u2019il soit port\u00e9 atteinte \u00e0 son int\u00e9grit\u00e9 physique ou psychique, l\u2019image du visage ou tout autre \u00e9l\u00e9ment d\u2019identification d\u2019un fonctionnaire de la police nationale ou d\u2019un militaire de la gendarmerie nationale lorsqu\u2019il agit dans le cadre d\u2019une op\u00e9ration de police. \u00bb<\/em><\/p>\n<p>Cette modification de la loi du 29 juillet 1881 sur la libert\u00e9 de la presse, va \u00e0 l\u2019encontre de toutes les dispositions pr\u00e9vues sur la libert\u00e9 de la presse en Europe et menace d&#8217;emp\u00eacher les journalistes de faire tout simplement leur travail.<\/p>\n<p>Le code sur la libert\u00e9 de la presse pour la police, r\u00e9dig\u00e9 par le <strong>Centre europ\u00e9en de la libert\u00e9 de la presse et des m\u00e9dias (ECPMF)<\/strong>, et soutenu par la FEJ, affirme que :<\/p>\n<p><em>\u00ab Dans le cas d\u2019agressions polici\u00e8res ou de menaces contre des journalistes, la personne agress\u00e9e \u00e9choue r\u00e9guli\u00e8rement \u00e0 identifier les agresseurs car les forces de police s\u2019abstiennent souvent de porter des plaques d\u2019identit\u00e9. Combin\u00e9 avec le faible niveau de motivation de la part du personnel de police pour t\u00e9moigner contre leurs propres coll\u00e8gues, le fait que la police dans de nombreux pays ne peut pas \u00eatre identifi\u00e9e entrave une enqu\u00eate approfondie de tels incidents. Les autorit\u00e9s nationales doivent accepter le fait que les journalistes ont le droit de rendre compte et informer sur la conduite de la police. \u00bb<\/em><\/p>\n<p>Par cons\u00e9quent, la FEJ, r\u00e9unie en Assembl\u00e9e g\u00e9n\u00e9rale, demande au gouvernement et au parlement fran\u00e7ais:<\/p>\n<ul>\n<li>de retirer ce projet de modification d\u2019une des plus anciennes lois sur la libert\u00e9 de la presse d\u2019Europe ;<\/li>\n<li>de prendre en compte l\u2019imp\u00e9rieuse n\u00e9cessit\u00e9 pour une d\u00e9mocratie digne de ce nom d\u2019assurer que l\u2019action de ses forces de l\u2019ordre pour la s\u00e9curit\u00e9 de tous les citoyens, respecte les lois de la R\u00e9publique, ainsi qu\u2019il est tout aussi n\u00e9cessaire de permettre \u00e0 tous les journalistes d\u2019exercer pleinement le droit d\u2019informer, qui passe par l\u2019observation et l\u2019\u00e9valuation et de l\u2019action de ces forces de l\u2019ordre, afin d\u2019\u00e9viter toute impunit\u00e9.<\/li>\n<\/ul>\n<p>Le droit des citoyens \u00e0 \u00eatre inform\u00e9s ne peut s\u2019affranchir de la possibilit\u00e9 que les journalistes filment et diffusent l\u2019action des forces de l\u2019ordre.<\/p>\n","protected":false},"excerpt":{"rendered":"<p>La commission des Lois de l\u2019Assembl\u00e9e nationale fran\u00e7aise poursuit ce 4 novembre l\u2019examen de la proposition de loi relative \u00e0 la \u00ab s\u00e9curit\u00e9 globale \u00bb. L&rsquo;article 24 du texte interdit la diffusion publique d\u2019images ou de vid\u00e9os de policiers ou de gendarmes en exercice. L&rsquo;Assembl\u00e9e g\u00e9n\u00e9rale annuelle de la F\u00e9d\u00e9ration Europ\u00e9enne des Journalistes (FEJ), r\u00e9unie en ligne, ce 3 novembre, a d\u00e9nonc\u00e9 cette violation de la libert\u00e9 de la presse. Initi\u00e9e par six d\u00e9put\u00e9s, dont Jean-Michel Fauvergue, ancien commissaire de police, cette proposition de loi a \u00e9t\u00e9 engag\u00e9e sous \u00ab proc\u00e9dure acc\u00e9l\u00e9r\u00e9e \u00bb le 26 octobre. Ce mardi 3 novembre,&hellip;<\/p>\n","protected":false},"author":5,"featured_media":4928,"comment_status":"open","ping_status":"open","sticky":false,"template":"","format":"standard","meta":{"footnotes":""},"categories":[5],"tags":[],"class_list":["post-4927","post","type-post","status-publish","format-standard","has-post-thumbnail","hentry","category-news"],"_links":{"self":[{"href":"https:\/\/europeanjournalists.org\/fr\/wp-json\/wp\/v2\/posts\/4927","targetHints":{"allow":["GET"]}}],"collection":[{"href":"https:\/\/europeanjournalists.org\/fr\/wp-json\/wp\/v2\/posts"}],"about":[{"href":"https:\/\/europeanjournalists.org\/fr\/wp-json\/wp\/v2\/types\/post"}],"author":[{"embeddable":true,"href":"https:\/\/europeanjournalists.org\/fr\/wp-json\/wp\/v2\/users\/5"}],"replies":[{"embeddable":true,"href":"https:\/\/europeanjournalists.org\/fr\/wp-json\/wp\/v2\/comments?post=4927"}],"version-history":[{"count":1,"href":"https:\/\/europeanjournalists.org\/fr\/wp-json\/wp\/v2\/posts\/4927\/revisions"}],"predecessor-version":[{"id":4929,"href":"https:\/\/europeanjournalists.org\/fr\/wp-json\/wp\/v2\/posts\/4927\/revisions\/4929"}],"wp:featuredmedia":[{"embeddable":true,"href":"https:\/\/europeanjournalists.org\/fr\/wp-json\/wp\/v2\/media\/4928"}],"wp:attachment":[{"href":"https:\/\/europeanjournalists.org\/fr\/wp-json\/wp\/v2\/media?parent=4927"}],"wp:term":[{"taxonomy":"category","embeddable":true,"href":"https:\/\/europeanjournalists.org\/fr\/wp-json\/wp\/v2\/categories?post=4927"},{"taxonomy":"post_tag","embeddable":true,"href":"https:\/\/europeanjournalists.org\/fr\/wp-json\/wp\/v2\/tags?post=4927"}],"curies":[{"name":"wp","href":"https:\/\/api.w.org\/{rel}","templated":true}]}}