{"id":5175,"date":"2022-09-14T14:22:37","date_gmt":"2022-09-14T14:22:37","guid":{"rendered":"https:\/\/europeanjournalists.org\/fr\/?p=5175"},"modified":"2022-09-14T15:27:23","modified_gmt":"2022-09-14T15:27:23","slug":"france-la-fej-co-signe-la-charte-pour-un-journalisme-a-la-hauteur-de-lurgence-ecologique","status":"publish","type":"post","link":"https:\/\/europeanjournalists.org\/fr\/2022\/09\/14\/france-la-fej-co-signe-la-charte-pour-un-journalisme-a-la-hauteur-de-lurgence-ecologique\/","title":{"rendered":"France : la FEJ co-signe la Charte \u00ab\u00a0pour un journalisme \u00e0 la hauteur de l&rsquo;urgence \u00e9cologique\u00a0\u00bb"},"content":{"rendered":"<p>Engag\u00e9e en faveur d&rsquo;un meilleur traitement de la crise climatique, la <strong>F\u00e9d\u00e9ration europ\u00e9enne des journalistes<\/strong> (FEJ) est co-signataire de la <a href=\"https:\/\/chartejournalismeecologie.fr\/la-charte\/\">Charte pour un journalisme \u00e0 la hauteur de l&rsquo;urgence \u00e9cologique<\/a> aux c\u00f4t\u00e9s de nombreux m\u00e9dias, journalistes, \u00e9coles de journalisme et syndicats de journalistes en France.<\/p>\n<p>Ce texte in\u00e9dit, publi\u00e9 le 14 septembre 2022, avec le soutien de la communaut\u00e9 scientifque, compte 13 articles pour am\u00e9liorer le traitement m\u00e9diatique de tous les sujets li\u00e9s au climat, au vivant et \u00e0 la justice sociale.<\/p>\n<p>La FEJ encourage tous les journalistes \u00e0 promouvoir cette charte dans leurs r\u00e9dactions, afin que les m\u00e9dias int\u00e8grent les grands enjeux \u00e9cologiques et sociaux du XXIe si\u00e8cle dans leurs r\u00e9flexions et pratiques journalistiques quotidiennes.<\/p>\n<p>La charte est \u00e9galement disponible <a href=\"https:\/\/europeanjournalists.org\/blog\/2022\/09\/14\/france-efj-co-signs-charter-for-a-journalism-that-takes-better-account-of-the-ecological-emergency\/\">en anglais<\/a>.<\/p>\n<p>&nbsp;<\/p>\n<blockquote><p><a href=\"https:\/\/chartejournalismeecologie.fr\/la-charte\/\"><img loading=\"lazy\" decoding=\"async\" class=\"alignright wp-image-5186 size-full\" src=\"https:\/\/europeanjournalists.org\/fr\/wp-content\/uploads\/sites\/2\/2022\/09\/Screen-Shot-2022-09-14-at-12.01.18.png\" alt=\"\" width=\"371\" height=\"526\" srcset=\"https:\/\/europeanjournalists.org\/fr\/wp-content\/uploads\/sites\/2\/2022\/09\/Screen-Shot-2022-09-14-at-12.01.18.png 371w, https:\/\/europeanjournalists.org\/fr\/wp-content\/uploads\/sites\/2\/2022\/09\/Screen-Shot-2022-09-14-at-12.01.18-212x300.png 212w\" sizes=\"auto, (max-width: 371px) 100vw, 371px\" \/><\/a>Le consensus scientifique est clair : la crise climatique et le d\u00e9clin rapide de la biodiversit\u00e9 sont en cours, et les activit\u00e9s humaines en sont \u00e0 l\u2019origine. Les impacts sur les \u00e9cosyst\u00e8mes et les soci\u00e9t\u00e9s humaines sont g\u00e9n\u00e9ralis\u00e9s et, pour certains, irr\u00e9versibles. Les limites plan\u00e9taires sont d\u00e9pass\u00e9es l\u2019une apr\u00e8s l\u2019autre, et pr\u00e8s de la moiti\u00e9 de l\u2019humanit\u00e9 vit d\u00e9j\u00e0 en situation de forte vuln\u00e9rabilit\u00e9.<\/p>\n<p>Dans son\u00a0<a href=\"https:\/\/reporterre.net\/Canicules-manque-d-eau-inondations-le-Giec-decrit-un-sombre-avenir-pour-l-Europe\">sixi\u00e8me rapport<\/a>, le Groupe d\u2019experts intergouvernemental sur l\u2019\u00e9volution du climat (Giec) insiste sur le r\u00f4le crucial des m\u00e9dias pour\u00a0<i>\u00ab<small class=\"fine d-inline\">\u00a0<\/small>cadrer et transmettre les informations sur le\u00a0<a href=\"https:\/\/reporterre.net\/Qu-est-ce-que-le-rechauffement-climatique\">changement climatique<\/a><small class=\"fine d-inline\">\u00a0<\/small>\u00bb<\/i>. Il appartient \u00e0 l\u2019ensemble des journalistes\u00a0<a href=\"https:\/\/reporterre.net\/Medias-audiovisuels-prenez-l-ecologie-a-bras-le-corps\">d\u2019\u00eatre \u00e0 la hauteur du d\u00e9fi<\/a>\u00a0que repr\u00e9sente l\u2019emballement du climat pour les g\u00e9n\u00e9rations actuelles et \u00e0 venir. Face \u00e0 l\u2019urgence absolue de la situation, nous, journalistes, devons modifier notre fa\u00e7on de travailler pour int\u00e9grer pleinement cet enjeu dans le traitement de l\u2019information.<\/p>\n<p><strong>Tel est l\u2019objet de la pr\u00e9sente charte. Nous invitons donc la profession \u00e0\u00a0:<\/strong><\/p>\n<ul class=\"spip\">\n<li><strong>1.\u00a0<\/strong>Traiter le climat, le vivant et la justice sociale de mani\u00e8re transversale. Ces sujets sont indissociables. L\u2019\u00e9cologie ne doit plus \u00eatre cantonn\u00e9e \u00e0 une simple rubrique<small class=\"fine d-inline\">\u00a0<\/small>; elle doit devenir un prisme au travers duquel consid\u00e9rer l\u2019ensemble des sujets.<\/li>\n<li><strong>2.\u00a0<\/strong>Faire \u0153uvre de p\u00e9dagogie. Les donn\u00e9es scientifiques relatives aux questions \u00e9cologiques sont souvent complexes. Il est n\u00e9cessaire d\u2019expliquer les ordres de grandeur et les \u00e9chelles de temps, d\u2019identifier les liens de cause \u00e0 effet, et de donner des \u00e9l\u00e9ments de comparaison.<\/li>\n<li><strong>3.\u00a0<\/strong>S\u2019interroger sur le lexique et les images utilis\u00e9es. Il est crucial de bien choisir les mots afin de d\u00e9crire les faits avec pr\u00e9cision et rendre compte de l\u2019urgence. \u00c9viter les images \u00e9cul\u00e9es et les expressions faciles qui d\u00e9forment et minimisent la gravit\u00e9 de la situation.<\/li>\n<li><strong>4.\u00a0<\/strong>\u00c9largir le traitement des enjeux. Ne pas renvoyer uniquement les personnes \u00e0 leur responsabilit\u00e9 individuelle, car l\u2019essentiel des bouleversements est produit \u00e0 un niveau syst\u00e9mique et appelle des r\u00e9ponses politiques.<\/li>\n<li><strong>5.\u00a0<\/strong>Enqu\u00eater sur les origines des bouleversements en cours. Questionner le mod\u00e8le de croissance et ses acteurs \u00e9conomiques, financiers et politiques, et leur r\u00f4le d\u00e9cisif dans la crise \u00e9cologique. Rappeler que les consid\u00e9rations de court terme peuvent \u00eatre contraires aux int\u00e9r\u00eats de l\u2019humanit\u00e9 et de la nature.<\/li>\n<li><strong>6.\u00a0<\/strong>Assurer la transparence. La d\u00e9fiance \u00e0 l\u2019\u00e9gard des m\u00e9dias et la propagation de fausses informations qui relativisent les faits nous obligent \u00e0 identifier avec pr\u00e9caution les informations et les experts cit\u00e9s, \u00e0 faire appara\u00eetre clairement les sources et \u00e0 r\u00e9v\u00e9ler les potentiels conflits d\u2019int\u00e9r\u00eats.<\/li>\n<li><strong>7.\u00a0<\/strong>R\u00e9v\u00e9ler les strat\u00e9gies produites pour semer le doute dans l\u2019esprit du public. Certains int\u00e9r\u00eats \u00e9conomiques et politiques \u0153uvrent activement \u00e0 la construction de propos qui trompent la compr\u00e9hension des sujets et retardent l\u2019action n\u00e9cessaire pour affronter les bouleversements en cours.<\/li>\n<li><strong>8.\u00a0<\/strong>Informer sur les r\u00e9ponses \u00e0 la crise. Enqu\u00eater avec rigueur sur les mani\u00e8res d\u2019agir face aux enjeux du climat et du vivant, quelle que soit leur \u00e9chelle d\u2019application. Questionner les solutions qui nous sont pr\u00e9sent\u00e9es.<\/li>\n<li><strong>9.\u00a0<\/strong>Se former en continu. Pour avoir une vision globale des bouleversements en cours et de ce qu\u2019ils impliquent pour nos soci\u00e9t\u00e9s, les journalistes doivent pouvoir se former tout au long de leur carri\u00e8re. Ce droit est essentiel pour la qualit\u00e9 du traitement de l\u2019information\u00a0: chacun\u00b7e peut exiger de son employeur d\u2019\u00eatre form\u00e9\u00b7e aux enjeux \u00e9cologiques.<\/li>\n<li><strong>10.\u00a0<\/strong>S\u2019opposer aux financements issus des activit\u00e9s les plus polluantes. Afin d\u2019assurer la coh\u00e9rence du traitement \u00e9ditorial des enjeux du climat et du vivant, les journalistes ont le droit d\u2019exprimer sans crainte leur d\u00e9saccord vis-\u00e0-vis des financements, publicit\u00e9s et partenariats m\u00e9dia li\u00e9s \u00e0 des activit\u00e9s qu\u2019ils jugent nocives.<\/li>\n<li><strong>11.\u00a0<\/strong>Consolider l\u2019ind\u00e9pendance des r\u00e9dactions. Pour garantir une information libre de toute pression, il est important d\u2019assurer leur autonomie \u00e9ditoriale par rapport aux propri\u00e9taires de leur m\u00e9dia.<\/li>\n<li><strong>12.\u00a0<\/strong>Pratiquer un journalisme bas carbone. Agir pour r\u00e9duire l\u2019empreinte \u00e9cologique des activit\u00e9s journalistiques, en utilisant notamment des outils moins polluants, sans pour autant se couper du n\u00e9cessaire travail de terrain. Inciter les r\u00e9dactions \u00e0 favoriser le recours aux journalistes locaux.<\/li>\n<li><strong>13.\u00a0<\/strong>Cultiver la coop\u00e9ration. Participer \u00e0 un \u00e9cosyst\u00e8me m\u00e9diatique solidaire et d\u00e9fendre ensemble une pratique journalistique soucieuse de pr\u00e9server de bonnes conditions de vie sur Terre.<\/li>\n<\/ul>\n<\/blockquote>\n","protected":false},"excerpt":{"rendered":"<p>Engag\u00e9e en faveur d&rsquo;un meilleur traitement de la crise climatique, la F\u00e9d\u00e9ration europ\u00e9enne des journalistes (FEJ) est co-signataire de la Charte pour un journalisme \u00e0 la hauteur de l&rsquo;urgence \u00e9cologique aux c\u00f4t\u00e9s de nombreux m\u00e9dias, journalistes, \u00e9coles de journalisme et syndicats de journalistes en France. Ce texte in\u00e9dit, publi\u00e9 le 14 septembre 2022, avec le soutien de la communaut\u00e9 scientifque, compte 13 articles pour am\u00e9liorer le traitement m\u00e9diatique de tous les sujets li\u00e9s au climat, au vivant et \u00e0 la justice sociale. La FEJ encourage tous les journalistes \u00e0 promouvoir cette charte dans leurs r\u00e9dactions, afin que les m\u00e9dias int\u00e8grent&hellip;<\/p>\n","protected":false},"author":6,"featured_media":5192,"comment_status":"open","ping_status":"open","sticky":false,"template":"","format":"standard","meta":{"footnotes":""},"categories":[483],"tags":[],"class_list":["post-5175","post","type-post","status-publish","format-standard","has-post-thumbnail","hentry","category-actualites"],"_links":{"self":[{"href":"https:\/\/europeanjournalists.org\/fr\/wp-json\/wp\/v2\/posts\/5175","targetHints":{"allow":["GET"]}}],"collection":[{"href":"https:\/\/europeanjournalists.org\/fr\/wp-json\/wp\/v2\/posts"}],"about":[{"href":"https:\/\/europeanjournalists.org\/fr\/wp-json\/wp\/v2\/types\/post"}],"author":[{"embeddable":true,"href":"https:\/\/europeanjournalists.org\/fr\/wp-json\/wp\/v2\/users\/6"}],"replies":[{"embeddable":true,"href":"https:\/\/europeanjournalists.org\/fr\/wp-json\/wp\/v2\/comments?post=5175"}],"version-history":[{"count":23,"href":"https:\/\/europeanjournalists.org\/fr\/wp-json\/wp\/v2\/posts\/5175\/revisions"}],"predecessor-version":[{"id":5202,"href":"https:\/\/europeanjournalists.org\/fr\/wp-json\/wp\/v2\/posts\/5175\/revisions\/5202"}],"wp:featuredmedia":[{"embeddable":true,"href":"https:\/\/europeanjournalists.org\/fr\/wp-json\/wp\/v2\/media\/5192"}],"wp:attachment":[{"href":"https:\/\/europeanjournalists.org\/fr\/wp-json\/wp\/v2\/media?parent=5175"}],"wp:term":[{"taxonomy":"category","embeddable":true,"href":"https:\/\/europeanjournalists.org\/fr\/wp-json\/wp\/v2\/categories?post=5175"},{"taxonomy":"post_tag","embeddable":true,"href":"https:\/\/europeanjournalists.org\/fr\/wp-json\/wp\/v2\/tags?post=5175"}],"curies":[{"name":"wp","href":"https:\/\/api.w.org\/{rel}","templated":true}]}}