{"id":5533,"date":"2024-12-03T11:12:11","date_gmt":"2024-12-03T11:12:11","guid":{"rendered":"https:\/\/europeanjournalists.org\/fr\/?p=5533"},"modified":"2024-12-03T11:45:23","modified_gmt":"2024-12-03T11:45:23","slug":"france-la-journaliste-de-disclose-ariane-lavrilleux-convoquee-par-la-justice-en-vue-dune-possible-mise-en-examen","status":"publish","type":"post","link":"https:\/\/europeanjournalists.org\/fr\/2024\/12\/03\/france-la-journaliste-de-disclose-ariane-lavrilleux-convoquee-par-la-justice-en-vue-dune-possible-mise-en-examen\/","title":{"rendered":"France: la FEJ condamne la convocation de la journaliste de Disclose Ariane Lavrilleux en vue d\u2019une possible mise en examen"},"content":{"rendered":"<p><span style=\"font-weight: 400\">Ariane Lavrilleux, la journaliste fran\u00e7aise qui avait r\u00e9v\u00e9l\u00e9 en novembre 2021 la complicit\u00e9 de la France dans les crimes d&rsquo;\u00c9tat en \u00c9gypte, fait de nouveau face \u00e0 la justice. La journaliste du m\u00e9dia d\u2019investigation Disclose est convoqu\u00e9e le 17 janvier 2025 en vue d\u02bcune possible mise en examen pour \u00ab <\/span><i><span style=\"font-weight: 400\">appropriation et divulgation d&rsquo;un secret de la de\u0301fense nationale<\/span><\/i><span style=\"font-weight: 400\">,\u201d a <\/span><a href=\"https:\/\/4zuwl.r.ah.d.sendibm5.com\/mk\/mr\/sh\/WCPxRrNLV1LtthJ3S8gLvccfPUUmSHVC\/y01U42TqzFCC%20style=\"><span style=\"font-weight: 400\">annonc\u00e9<\/span><\/a><span style=\"font-weight: 400\"> le m\u00e9dia d\u2019investigation Disclose. La <\/span><b>F\u00e9d\u00e9ration europ\u00e9enne des journalistes <\/b><span style=\"font-weight: 400\">(FEJ) d\u00e9nonce l\u2019acharnement judiciaire visant Ariane Lavrilleux et appelle au respect du principe d\u00e9mocratique fondamental garantissant la protection des sources journalistiques.<\/span><\/p>\n<p><span style=\"font-weight: 400\">En novembre 2021, Lavrilleux avait contribu\u00e9 \u00e0 une enqu\u00eate r\u00e9v\u00e9lant une ope\u0301ration militaire secre\u0300te de la France en Egypte, <\/span><a href=\"https:\/\/disclose.ngo\/fr\/article\/operation-sirli-la-france-visee-par-une-plainte-devant-la-cour-europeenne-des-droits-de-lhomme\"><span style=\"font-weight: 400\">\u00ab ope\u0301ration Sirli \u00bb<\/span><\/a><span style=\"font-weight: 400\"> visant \u00e0 l\u2019ex\u00e9cution arbitraires de centaines de civils \u00e9gyptiens. Une enqu\u00eate contre la journaliste avait alors \u00e9t\u00e9 ouverte en juillet 2022 \u201cpour compromission du secret de la d\u00e9fense nationale et r\u00e9v\u00e9lation d&rsquo;informations pouvant conduire \u00e0 l&rsquo;identification d&rsquo;un agent prot\u00e9g\u00e9.\u201d\u00a0\u00a0<\/span><\/p>\n<p><span style=\"font-weight: 400\">En septembre 2023, Ariane Lavrilleux avait \u00e9t\u00e9 interrog\u00e9e au si\u00e8ge de la police \u00e0 Marseille avant d\u2019\u00eatre lib\u00e9r\u00e9e sans poursuite, apr\u00e8s 39 heures de garde \u00e0 vue. Son domicile avait \u00e9galement \u00e9t\u00e9 <\/span><a href=\"https:\/\/www.mapmf.org\/alert\/30660\"><span style=\"font-weight: 400\">perquisitionn\u00e9.<\/span><\/a><\/p>\n<p><span style=\"font-weight: 400\">\u201cSelon les e\u0301le\u0301ments de l&rsquo;enque\u0302te judiciaire dont Ariane Lavrilleux a eu connaissance, ses faits et gestes ont e\u0301te\u0301 traque\u0301s par des policiers de la DGSI, un service d&rsquo;ordinaire mobilise\u0301 dans la lutte contre le terrorisme et le contre-espionnage. Notre journaliste a fait l&rsquo;objet de surveillances physiques lors de de\u0301placements professionnels et prive\u0301s ; son te\u0301le\u0301phone portable a e\u0301te\u0301 ge\u0301olocalise\u0301 en temps re\u0301el ; ses comptes bancaires ont e\u0301te\u0301 e\u0301pluche\u0301s, tout comme ses achats de billets SNCF ou ses communications prive\u0301es sur le re\u0301seau social X. La DGSI a aussi surveille\u0301 les bureaux de la re\u0301daction de Disclose, en re\u0301gion parisienne,\u201d <\/span><a href=\"https:\/\/4zuwl.r.ah.d.sendibm5.com\/mk\/mr\/sh\/WCPxRrNLV1LtthJ3S8gLvccfPUUmSHVC\/y01U42TqzFCC%20style=\"><span style=\"font-weight: 400\">d\u00e9nonce<\/span><\/a><span style=\"font-weight: 400\"> le m\u00e9dia d\u2019investigation. D\u2019apr\u00e8s Disclose, depuis la cr\u00e9ation du m\u00e9dia en 2018, quatre de leurs journalistes ont \u00e9t\u00e9 intimid\u00e9s par les services de renseignement int\u00e9rieur.<\/span><\/p>\n<p><a href=\"https:\/\/www.mapmf.org\/alert\/32478\"><span style=\"font-weight: 400\">Convoqu\u00e9e<\/span><\/a><span style=\"font-weight: 400\"> par le bureau d\u2019une magistrate sp\u00e9cialis\u00e9e dans la lutte antiterroriste, Lavrilleux encourt une peine de cinq ans de prison et 75 000 euros d&rsquo;amende pour avoir enqu\u00eat\u00e9 sur les agissements de la France en Egypte, un sujet d\u2019int\u00e9r\u00eat public.\u00a0<\/span><\/p>\n<p><span style=\"font-weight: 400\">\u00ab La FEJ condamne fermement l\u2019obstination des autorit\u00e9s judiciaires fran\u00e7aises \u00e0 criminaliser le journalisme d\u2019investigation, au m\u00e9pris des standards europ\u00e9ens de protection des sources. Cet acharnement judiciaire r\u00e9v\u00e8le une strat\u00e9gie honteuse de censure sur des sujets d&rsquo;int\u00e9r\u00eat public. Ces pressions visant Ariane Lavrilleux, ses sources, son m\u00e9dia mais aussi le journalisme d\u2019investigation en g\u00e9n\u00e9ral sont d\u2019une extr\u00eame gravit\u00e9, \u00bb d\u00e9clare Ricardo Guti\u00e9rrez, secr\u00e9taire g\u00e9n\u00e9ral de la F\u00e9d\u00e9ration europ\u00e9enne des journalistes (FEJ).<\/span><\/p>\n","protected":false},"excerpt":{"rendered":"<p>Ariane Lavrilleux, la journaliste fran\u00e7aise qui avait r\u00e9v\u00e9l\u00e9 en novembre 2021 la complicit\u00e9 de la France dans les crimes d&rsquo;\u00c9tat en \u00c9gypte, fait de nouveau face \u00e0 la justice. La journaliste du m\u00e9dia d\u2019investigation Disclose est convoqu\u00e9e le 17 janvier 2025 en vue d\u02bcune possible mise en examen pour \u00ab appropriation et divulgation d&rsquo;un secret de la de\u0301fense nationale,\u201d a annonc\u00e9 le m\u00e9dia d\u2019investigation Disclose. La F\u00e9d\u00e9ration europ\u00e9enne des journalistes (FEJ) d\u00e9nonce l\u2019acharnement judiciaire visant Ariane Lavrilleux et appelle au respect du principe d\u00e9mocratique fondamental garantissant la protection des sources journalistiques. En novembre 2021, Lavrilleux avait contribu\u00e9 \u00e0 une enqu\u00eate&hellip;<\/p>\n","protected":false},"author":3,"featured_media":5535,"comment_status":"open","ping_status":"open","sticky":false,"template":"","format":"standard","meta":{"footnotes":""},"categories":[5],"tags":[],"class_list":["post-5533","post","type-post","status-publish","format-standard","has-post-thumbnail","hentry","category-news"],"_links":{"self":[{"href":"https:\/\/europeanjournalists.org\/fr\/wp-json\/wp\/v2\/posts\/5533","targetHints":{"allow":["GET"]}}],"collection":[{"href":"https:\/\/europeanjournalists.org\/fr\/wp-json\/wp\/v2\/posts"}],"about":[{"href":"https:\/\/europeanjournalists.org\/fr\/wp-json\/wp\/v2\/types\/post"}],"author":[{"embeddable":true,"href":"https:\/\/europeanjournalists.org\/fr\/wp-json\/wp\/v2\/users\/3"}],"replies":[{"embeddable":true,"href":"https:\/\/europeanjournalists.org\/fr\/wp-json\/wp\/v2\/comments?post=5533"}],"version-history":[{"count":4,"href":"https:\/\/europeanjournalists.org\/fr\/wp-json\/wp\/v2\/posts\/5533\/revisions"}],"predecessor-version":[{"id":5541,"href":"https:\/\/europeanjournalists.org\/fr\/wp-json\/wp\/v2\/posts\/5533\/revisions\/5541"}],"wp:featuredmedia":[{"embeddable":true,"href":"https:\/\/europeanjournalists.org\/fr\/wp-json\/wp\/v2\/media\/5535"}],"wp:attachment":[{"href":"https:\/\/europeanjournalists.org\/fr\/wp-json\/wp\/v2\/media?parent=5533"}],"wp:term":[{"taxonomy":"category","embeddable":true,"href":"https:\/\/europeanjournalists.org\/fr\/wp-json\/wp\/v2\/categories?post=5533"},{"taxonomy":"post_tag","embeddable":true,"href":"https:\/\/europeanjournalists.org\/fr\/wp-json\/wp\/v2\/tags?post=5533"}],"curies":[{"name":"wp","href":"https:\/\/api.w.org\/{rel}","templated":true}]}}